{"id":38197,"date":"2022-02-28T21:24:53","date_gmt":"2022-03-01T03:24:53","guid":{"rendered":"http:\/\/www.zonaroja.com.mx\/?p=38197"},"modified":"2022-02-28T22:13:41","modified_gmt":"2022-03-01T04:13:41","slug":"elimina-la-suprema-corte-en-codigo-penal-de-veracruz-delito-de-ultraje-a-la-autoridad","status":"publish","type":"post","link":"https:\/\/zonaroja.com.mx\/?p=38197","title":{"rendered":"Elimina la Suprema Corte en C\u00f3digo Penal de Veracruz delito de ultraje a la autoridad"},"content":{"rendered":"\n<p>Redacci\u00f3n\/Zona Roja Cdmx.<\/p>\n\n\n\n<p>Ciudad de M\u00e9xico, 28 de febrero de 2022.- La Suprema Corte de Justicia de la Naci\u00f3n (SCJN) declar\u00f3 la invalidez del art\u00edculo 331 del C\u00f3digo Penal de Veracruz que tipifica el delito de ultrajes a la autoridad, mediante una sentencia que surtir\u00e1 efectos retroactivos al 12 de marzo de 2021, fecha en que dicho instrumento jur\u00eddico entr\u00f3 en vigor con penas agravadas de dos a\u00f1os a siete a\u00f1os de prisi\u00f3n.<\/p>\n\n\n\n<p>La resoluci\u00f3n del m\u00e1ximo poder judicial del pa\u00eds se concret\u00f3 un d\u00eda despu\u00e9s de que el Congreso de Veracruz sesionara para modificar solo dos fracciones del art\u00edculo 331 y dejar intacto el delito penal con los agravantes, contrario a lo que la Comisi\u00f3n Nacional de Derechos Humanos exig\u00eda en su recomendaci\u00f3n 145\/2021 de que se derogara para evitar m\u00e1s violaciones a los derechos humanos.<\/p>\n\n\n\n<p>La Suprema Corte concluy\u00f3, sobre el proyecto de Acci\u00f3n de Inconstitucionalidad 66\/2021 elaborado por el ministro Jorge Mario Pardo Rebolledo, que son inconstitucionales los art\u00edculos 331, en sus fracciones I, II, III y IV; y 371 fracci\u00f3n II del C\u00f3digo Penal veracruzano, tras argumentar que son violatorios de los derechos a la libertad de expresi\u00f3n, a la informaci\u00f3n y al principio de la legalidad.<\/p>\n\n\n\n<p>En ese marco, el senador Ricardo Monreal \u00c1vila, presidente de la Junta de Coordinaci\u00f3n Pol\u00edtica, el primero en denunciar la aplicaci\u00f3n del delito de ultrajes en esa entidad y quien mantiene una lucha por los derechos de las personas que est\u00e1n en prisi\u00f3n de manera injusta acusadas bajo ese tipo penal, destac\u00f3 como una \u201cdecisi\u00f3n justa y correcta\u201d la declaratoria de inconstitucionalidad aprobada por el pleno de la Corte.<\/p>\n\n\n\n<p>\u201cLa SCJN declar\u00f3 la inconstitucionalidad del art\u00edculo 331 del C\u00f3digo Penal de Veracruz, sobre el delito de ultrajes a la autoridad; decisi\u00f3n justa y correcta. Ahora, a luchar para que sean liberadas todas las personas que est\u00e1n privadas de su libertad por este ominoso il\u00edcito\u201d, public\u00f3 en Twitter el senador zacatecano, toda vez que desde que entr\u00f3 en vigor con sus agravantes el tipo penal en el estado han sido detenidos cientos de hombres y mujeres.<\/p>\n\n\n\n<p>La declaraci\u00f3n de invalidez con efectos retroactivos surtir\u00e1 efectos a partir de la notificaci\u00f3n de la sentencia al Congreso de Veracruz, adem\u00e1s de al gobierno de Cuitl\u00e1huac Garc\u00eda Jim\u00e9nez y las autoridades responsables en el estado de la administraci\u00f3n e impartici\u00f3n de justicia.<\/p>\n\n\n\n<p>De esa manera, en Veracruz, se\u00f1alado por abusos de autoridad y persecuci\u00f3n pol\u00edtica, se abre el camino a la justicia para hombres y mujeres que han padecido violaciones a sus derechos humanos, como el caso de los seis j\u00f3venes que estuvieron en prisi\u00f3n durante cuatro meses del a\u00f1o 2021 y en el que la CNDH bas\u00f3 el 30 de diciembre pasado la recomendaci\u00f3n 146\/2021 al gobernador Cuitl\u00e1huac Garc\u00eda para que se derogara el delito de ultrajes a la autoridad.<\/p>\n\n\n\n<p>(Informaci\u00f3n de \u00abEl Financiero\u00bb)<\/p>\n","protected":false},"excerpt":{"rendered":"<p>Redacci\u00f3n\/Zona Roja Cdmx. Ciudad de M\u00e9xico, 28 de febrero de 2022.- La Suprema Corte de&hellip;<\/p>\n","protected":false},"author":2,"featured_media":24779,"comment_status":"closed","ping_status":"open","sticky":false,"template":"","format":"standard","meta":{"_lmt_disableupdate":"","_lmt_disable":"","_jetpack_memberships_contains_paid_content":false,"footnotes":""},"categories":[109,46],"tags":[2878],"class_list":["post-38197","post","type-post","status-publish","format-standard","has-post-thumbnail","hentry","category-minuto-a-minuto","category-zona-blanca","tag-suprema-corte-de-justicia-de-la-nacion-scjn"],"jetpack_featured_media_url":"https:\/\/zonaroja.com.mx\/wp-content\/uploads\/2021\/03\/Suprema-Corte-de-Justicia.jpg","jetpack_sharing_enabled":true,"_links":{"self":[{"href":"https:\/\/zonaroja.com.mx\/index.php?rest_route=\/wp\/v2\/posts\/38197","targetHints":{"allow":["GET"]}}],"collection":[{"href":"https:\/\/zonaroja.com.mx\/index.php?rest_route=\/wp\/v2\/posts"}],"about":[{"href":"https:\/\/zonaroja.com.mx\/index.php?rest_route=\/wp\/v2\/types\/post"}],"author":[{"embeddable":true,"href":"https:\/\/zonaroja.com.mx\/index.php?rest_route=\/wp\/v2\/users\/2"}],"replies":[{"embeddable":true,"href":"https:\/\/zonaroja.com.mx\/index.php?rest_route=%2Fwp%2Fv2%2Fcomments&post=38197"}],"version-history":[{"count":2,"href":"https:\/\/zonaroja.com.mx\/index.php?rest_route=\/wp\/v2\/posts\/38197\/revisions"}],"predecessor-version":[{"id":38205,"href":"https:\/\/zonaroja.com.mx\/index.php?rest_route=\/wp\/v2\/posts\/38197\/revisions\/38205"}],"wp:featuredmedia":[{"embeddable":true,"href":"https:\/\/zonaroja.com.mx\/index.php?rest_route=\/wp\/v2\/media\/24779"}],"wp:attachment":[{"href":"https:\/\/zonaroja.com.mx\/index.php?rest_route=%2Fwp%2Fv2%2Fmedia&parent=38197"}],"wp:term":[{"taxonomy":"category","embeddable":true,"href":"https:\/\/zonaroja.com.mx\/index.php?rest_route=%2Fwp%2Fv2%2Fcategories&post=38197"},{"taxonomy":"post_tag","embeddable":true,"href":"https:\/\/zonaroja.com.mx\/index.php?rest_route=%2Fwp%2Fv2%2Ftags&post=38197"}],"curies":[{"name":"wp","href":"https:\/\/api.w.org\/{rel}","templated":true}]}}