{"id":38202,"date":"2022-02-28T22:13:08","date_gmt":"2022-03-01T04:13:08","guid":{"rendered":"http:\/\/www.zonaroja.com.mx\/?p=38202"},"modified":"2022-02-28T22:13:11","modified_gmt":"2022-03-01T04:13:11","slug":"y-donde-estan-los-cuerpos-de-los-17-masacrados-en-michoacan","status":"publish","type":"post","link":"https:\/\/zonaroja.com.mx\/?p=38202","title":{"rendered":"\u00bfY d\u00f3nde est\u00e1n los cuerpos de los 17 masacrados en Michoac\u00e1n?"},"content":{"rendered":"\n<p>Redacci\u00f3n\/Zona Roja Cdmx.<\/p>\n\n\n\n<p>Ciudad de M\u00e9xico, 28 de febrero de 2022.- Adri\u00e1n L\u00f3pez Sol\u00eds, titular de la Fiscal\u00eda General del Estado de Michoac\u00e1n (FGE), inform\u00f3 que personal de la dependencia encontr\u00f3 en San Jos\u00e9 de Gracia una bolsa con restos humanos en el lugar donde 17 personas fueron fusiladas.<\/p>\n\n\n\n<p>\u201cEs importante mencionar que antes de esa hora no se recibi\u00f3 reporte de los hechos; como se inform\u00f3, al llegar al lugar de los hechos no se localizaron v\u00edctimas, sin embargo, se detect\u00f3 que el piso estaba reci\u00e9n lavado, adem\u00e1s se localiz\u00f3 una bolsa que conten\u00eda restos de masa encef\u00e1lica que se embal\u00f3 para su an\u00e1lisis, y otra m\u00e1s que conten\u00eda envases de productos de limpieza\u201d, declar\u00f3.<\/p>\n\n\n\n<p>De la misma forma, asegur\u00f3 que s\u00ed hab\u00eda personal de seguridad municipal cerca del lugar de los hechos, pero la fuerza policial no fue suficiente para acudir al lugar a mantener el orden, por lo que se abstuvieron de intervenir hasta la llegada de fuerzas de seguridad federales, pues s\u00f3lo hab\u00eda tres polic\u00edas municipales a cuadras del sitio, quienes tampoco activaron la alerta de seguridad estatal.<\/p>\n\n\n\n<p>Tras enterarse de lo ocurrido mediante redes sociales, personal de la fiscal\u00eda se traslad\u00f3 al lugar desde la sede regional:<\/p>\n\n\n\n<p>\u201cPasadas las 18 horas se detect\u00f3 a trav\u00e9s de redes sociales un video en el que se observa la agresi\u00f3n con armas de fuego a las afueras de un domicilio en San Jos\u00e9 de Gracia, este video se toma como una agresi\u00f3n criminal, por lo que se inicia carpeta de investigaciones y se dispuso personal de seguridad al lugar de los hechos, que se ubica a 45 minutos en veh\u00edculo de la sede regional el Jiquilpan\u201d.<\/p>\n\n\n\n<p>El fiscal tambi\u00e9n confirm\u00f3 la presencia de Alejandro Garc\u00eda, el \u00abPel\u00f3n\u00bb, en el lugar de los hechos, pues las 17 personas que presuntamente fueron ejecutadas hab\u00edan asistido al funeral de la madre del integrante de la Familia Michoacana, quien fue confirmado como fallecido por el funcionario.<\/p>\n\n\n\n<p>De acuerdo con la informaci\u00f3n oficial, el atentado fue cometido por uno de los rivales del \u00abPel\u00f3n\u00bb, quien hab\u00eda mantenido rencillas con \u00e9l, pues ambos se acusaron de haber asesinado y desaparecido a familiares, por lo cual aprovech\u00f3 la presencia del presunto criminal en la entidad para acudir al lugar y ejecutar a su rival.<\/p>\n\n\n\n<p>\u201cSe obtuvo tambi\u00e9n informaci\u00f3n que Alejandro G. y otro sujeto cuya identidad nos reservamos para objeto de la investigaci\u00f3n, manten\u00edan rencillas por la desaparici\u00f3n y homicidio de familiares, lo que se atribu\u00edan de manera rec\u00edproca\u201d, inform\u00f3 el fiscal.<\/p>\n\n\n\n<p>L\u00f3pez Sol\u00eds se\u00f1al\u00f3 que los familiares de Eliza B., la madre del Pel\u00f3n, fueron obligados a ingresar a una casa tras los hechos violentos, tras lo cual los sicarios limpiaron el lugar del fusilamiento, por lo que las autoridades encontraron el lugar reci\u00e9n fregado tras su llegada al lugar.<\/p>\n\n\n\n<p>Videos publicados en redes sociales mostraron un r\u00edo de sangre proveniente del lugar de los hechos, lo cual podr\u00eda ser un indicio de la la gran cantidad de las v\u00edctimas de la masacre, pues ha trascendido que puedan tratarse de 10 a 17 personas ejecutadas en San Jos\u00e9 de Gracia.<\/p>\n\n\n\n<p>El fiscal manifest\u00f3 que todav\u00eda no se puede dar una cifra estimada de v\u00edctimas por el ataque, pues no se cuenta con los cad\u00e1veres de las personas fallecidas, por lo que posteriormente se estar\u00e1 informando sobre este caso cuando las investigaciones avancen.<\/p>\n\n\n\n<p>De la misma forma, asegur\u00f3 que tambi\u00e9n se investigar\u00e1 la tardanza de las fuerzas de seguridad p\u00fablica locales para acudir al lugar de los hechos, as\u00ed como el nulo reporte de su parte a las autoridades estatales, por lo cual personal de la fiscal\u00eda ya se encuentra realizando las primeras indagaciones sobre el caso.<\/p>\n\n\n\n<p>(Informaci\u00f3n de Infobae)<\/p>\n","protected":false},"excerpt":{"rendered":"<p>Redacci\u00f3n\/Zona Roja Cdmx. Ciudad de M\u00e9xico, 28 de febrero de 2022.- Adri\u00e1n L\u00f3pez Sol\u00eds, titular&hellip;<\/p>\n","protected":false},"author":2,"featured_media":38203,"comment_status":"closed","ping_status":"open","sticky":false,"template":"","format":"standard","meta":{"_lmt_disableupdate":"","_lmt_disable":"","_jetpack_memberships_contains_paid_content":false,"footnotes":""},"categories":[109,47],"tags":[622],"class_list":["post-38202","post","type-post","status-publish","format-standard","has-post-thumbnail","hentry","category-minuto-a-minuto","category-zona-gris","tag-michoacan"],"jetpack_featured_media_url":"https:\/\/zonaroja.com.mx\/wp-content\/uploads\/2022\/02\/Masacre-Michoacan.jpg","jetpack_sharing_enabled":true,"_links":{"self":[{"href":"https:\/\/zonaroja.com.mx\/index.php?rest_route=\/wp\/v2\/posts\/38202","targetHints":{"allow":["GET"]}}],"collection":[{"href":"https:\/\/zonaroja.com.mx\/index.php?rest_route=\/wp\/v2\/posts"}],"about":[{"href":"https:\/\/zonaroja.com.mx\/index.php?rest_route=\/wp\/v2\/types\/post"}],"author":[{"embeddable":true,"href":"https:\/\/zonaroja.com.mx\/index.php?rest_route=\/wp\/v2\/users\/2"}],"replies":[{"embeddable":true,"href":"https:\/\/zonaroja.com.mx\/index.php?rest_route=%2Fwp%2Fv2%2Fcomments&post=38202"}],"version-history":[{"count":1,"href":"https:\/\/zonaroja.com.mx\/index.php?rest_route=\/wp\/v2\/posts\/38202\/revisions"}],"predecessor-version":[{"id":38204,"href":"https:\/\/zonaroja.com.mx\/index.php?rest_route=\/wp\/v2\/posts\/38202\/revisions\/38204"}],"wp:featuredmedia":[{"embeddable":true,"href":"https:\/\/zonaroja.com.mx\/index.php?rest_route=\/wp\/v2\/media\/38203"}],"wp:attachment":[{"href":"https:\/\/zonaroja.com.mx\/index.php?rest_route=%2Fwp%2Fv2%2Fmedia&parent=38202"}],"wp:term":[{"taxonomy":"category","embeddable":true,"href":"https:\/\/zonaroja.com.mx\/index.php?rest_route=%2Fwp%2Fv2%2Fcategories&post=38202"},{"taxonomy":"post_tag","embeddable":true,"href":"https:\/\/zonaroja.com.mx\/index.php?rest_route=%2Fwp%2Fv2%2Ftags&post=38202"}],"curies":[{"name":"wp","href":"https:\/\/api.w.org\/{rel}","templated":true}]}}