{"id":38206,"date":"2022-03-01T07:20:41","date_gmt":"2022-03-01T13:20:41","guid":{"rendered":"http:\/\/www.zonaroja.com.mx\/?p=38206"},"modified":"2022-03-01T07:20:42","modified_gmt":"2022-03-01T13:20:42","slug":"muere-anciano-calcinado-en-incendio-de-vivienda-en-oaxaca","status":"publish","type":"post","link":"https:\/\/zonaroja.com.mx\/?p=38206","title":{"rendered":"Muere anciano calcinado en incendio de vivienda en Oaxaca"},"content":{"rendered":"\n<p>Redacci\u00f3n\/Zona Roja.<\/p>\n\n\n\n<p>Oaxaca de Ju\u00e1rez, Max., 1 de marzo de 2022.- Una persona adulta mayor muri\u00f3 anoche calcinada, a causa del incendio de una vivienda, en Santo Domingo Tehuantepec, Oaxaca.<\/p>\n\n\n\n<p>De acuerdo con los primeros reportes policiacos, se trata del se\u00f1or Pedro Cruz Juli\u00e1n, de 88 a\u00f1os de edad, quien se encontraba en el interior de la casa cuando se suscit\u00f3 la conflagraci\u00f3n.<\/p>\n\n\n\n<p>Los hechos ocurrieron en un domicilio de la calle Providencia del barrio La Soledad, de Tehuantepec. Hasta el momento no se ha dado a conocer el saldo de las afectaciones materiales.<\/p>\n","protected":false},"excerpt":{"rendered":"<p>Redacci\u00f3n\/Zona Roja. Oaxaca de Ju\u00e1rez, Max., 1 de marzo de 2022.- Una persona adulta mayor&hellip;<\/p>\n","protected":false},"author":2,"featured_media":38207,"comment_status":"closed","ping_status":"open","sticky":false,"template":"","format":"standard","meta":{"_lmt_disableupdate":"","_lmt_disable":"","_jetpack_memberships_contains_paid_content":false,"footnotes":""},"categories":[109,47],"tags":[125],"class_list":["post-38206","post","type-post","status-publish","format-standard","has-post-thumbnail","hentry","category-minuto-a-minuto","category-zona-gris","tag-santo-domingo-tehuantepec"],"jetpack_featured_media_url":"https:\/\/zonaroja.com.mx\/wp-content\/uploads\/2022\/03\/Incendio-vivienda-Tehuantepec.jpg","jetpack_sharing_enabled":true,"_links":{"self":[{"href":"https:\/\/zonaroja.com.mx\/index.php?rest_route=\/wp\/v2\/posts\/38206","targetHints":{"allow":["GET"]}}],"collection":[{"href":"https:\/\/zonaroja.com.mx\/index.php?rest_route=\/wp\/v2\/posts"}],"about":[{"href":"https:\/\/zonaroja.com.mx\/index.php?rest_route=\/wp\/v2\/types\/post"}],"author":[{"embeddable":true,"href":"https:\/\/zonaroja.com.mx\/index.php?rest_route=\/wp\/v2\/users\/2"}],"replies":[{"embeddable":true,"href":"https:\/\/zonaroja.com.mx\/index.php?rest_route=%2Fwp%2Fv2%2Fcomments&post=38206"}],"version-history":[{"count":1,"href":"https:\/\/zonaroja.com.mx\/index.php?rest_route=\/wp\/v2\/posts\/38206\/revisions"}],"predecessor-version":[{"id":38208,"href":"https:\/\/zonaroja.com.mx\/index.php?rest_route=\/wp\/v2\/posts\/38206\/revisions\/38208"}],"wp:featuredmedia":[{"embeddable":true,"href":"https:\/\/zonaroja.com.mx\/index.php?rest_route=\/wp\/v2\/media\/38207"}],"wp:attachment":[{"href":"https:\/\/zonaroja.com.mx\/index.php?rest_route=%2Fwp%2Fv2%2Fmedia&parent=38206"}],"wp:term":[{"taxonomy":"category","embeddable":true,"href":"https:\/\/zonaroja.com.mx\/index.php?rest_route=%2Fwp%2Fv2%2Fcategories&post=38206"},{"taxonomy":"post_tag","embeddable":true,"href":"https:\/\/zonaroja.com.mx\/index.php?rest_route=%2Fwp%2Fv2%2Ftags&post=38206"}],"curies":[{"name":"wp","href":"https:\/\/api.w.org\/{rel}","templated":true}]}}