{"id":38209,"date":"2022-03-01T07:35:52","date_gmt":"2022-03-01T13:35:52","guid":{"rendered":"http:\/\/www.zonaroja.com.mx\/?p=38209"},"modified":"2022-03-01T07:35:53","modified_gmt":"2022-03-01T13:35:53","slug":"por-violencia-durante-la-4t-han-huido-de-casa-63-mil-personas","status":"publish","type":"post","link":"https:\/\/zonaroja.com.mx\/?p=38209","title":{"rendered":"Por violencia, durante la 4T han huido de casa 63 mil personas"},"content":{"rendered":"\n<p>Redacci\u00f3n\/Zona Roja Cdmx.<\/p>\n\n\n\n<p>Ciudad de M\u00e9xico, 1 de marzo de 2022.- Aunque en M\u00e9xico no hay una guerra, en el primer trienio de la administraci\u00f3n del presidente Andr\u00e9s Manuel L\u00f3pez Obrador, 63 mil 310 personas han sido desplazadas de sus hogares por la violencia que prevalece en distintas regiones del territorio nacional.<\/p>\n\n\n\n<p>De acuerdo con la Comisi\u00f3n Mexicana de Defensa y Promoci\u00f3n de los Derechos Humanos (CMDPDH), esa cifra es superior 17 por ciento con respecto al trienio inmediatamente anterior del gobierno del expresidente Enrique Pe\u00f1a Nieto, cuando se document\u00f3 el desplazamiento de 53 mil 991 personas.<\/p>\n\n\n\n<p>S\u00f3lo en 2021, la CMDPDH document\u00f3 40 eventos de desplazamiento interno masivo causado por violencia, los cuales afectaron por lo menos a 44 mil 905 personas en 10 entidades federativas.<\/p>\n\n\n\n<p>A pesar de que se trata de informaci\u00f3n preliminar, que en las siguientes semanas ser\u00e1 revisada y analizada de manera m\u00e1s detallada para la preparaci\u00f3n de nuestro informe anual, sin duda estamos frente a un incremento de desplazamientos causados por violencia en el pa\u00eds\u201d, indica la comisi\u00f3n.<\/p>\n\n\n\n<p>\u201cLas cifras registradas en 2021 son las m\u00e1s altas que hemos documentado desde 2016. En 2020, por ejemplo, fueron 24 eventos de desplazamiento interno masivo causado por violencia y 9 mil 741 personas desplazadas\u201d, se refiere en el \u00faltimo bolet\u00edn de la organizaci\u00f3n no gubernamental.<\/p>\n\n\n\n<p>La CMDPDH considera que, ante este escenario \u201cpreocupante\u201d, es necesaria la intervenci\u00f3n inmediata de los tres niveles de gobierno para prevenir nuevos desplazamientos, atender a la poblaci\u00f3n y encontrar soluciones duraderas a su situaci\u00f3n.<\/p>\n\n\n\n<p>El gobierno de L\u00f3pez Obrador, pese a reconocer esta problem\u00e1tica, no ha realizado ni siquiera un censo oficial de las personas desplazadas por la violencia.<\/p>\n\n\n\n<p>En tanto, el Senado mantiene en la congeladora legislativa una minuta, aprobada desde septiembre de 2020 en la C\u00e1mara de Diputados, mediante la cual se expide la Ley General para Prevenir, Atender y Reparar Integralmente el Desplazamiento Forzado Interno.<\/p>\n\n\n\n<p>Adem\u00e1s, tanto la senadora de Morena Nestora Salgado, como el senador del grupo plural Emilio \u00c1lvarez Icaza, han presentado sendas iniciativas para atender esta problem\u00e1tica, las cuales no han sido dictaminadas en comisiones.<\/p>\n\n\n\n<p>En la sesi\u00f3n del pleno del pasado 10 de febrero, \u00c1lvarez Icaza, quien ha propuesto crear una Ley Nacional para la Prevenci\u00f3n, Protecci\u00f3n, Generaci\u00f3n de Soluciones Duraderas y Sanciones en materia de desplazamiento interno forzado, urgi\u00f3, desde la tribuna, a legislar en esta materia.<\/p>\n\n\n\n<p>\u201cNos parece indispensable legislar en esta materia una reforma constitucional para que el Senado tenga facultades sobre eso, una reforma constitucional en el (art\u00edculo constitucional) 27, porque hoy lo que est\u00e1 pasando es que la miner\u00eda ilegal est\u00e1 generando desplazamiento interno y tenemos que adecuar; Oaxaca es un lugar donde se est\u00e1 presentando muy infelizmente el fen\u00f3meno del desplazamiento producto de la miner\u00eda ilegal. Si no lo resolvemos pronto, al rato vamos a tener una combinaci\u00f3n extraordinariamente peligrosa del narco y la miner\u00eda ilegal\u201d, alert\u00f3.<\/p>\n\n\n\n<p>Una estimaci\u00f3n de la propia comisi\u00f3n se\u00f1ala que, de 2006 a diciembre de 2019, 346 mil 945 personas hab\u00edan sido desplazadas por la violencia, a lo cual, si se le agregan las cifras de 2020 y 2021, suman 401 mil 591, desde que inici\u00f3 la administraci\u00f3n del expresidente Felipe Calder\u00f3n, quien fue el que mand\u00f3 al Ej\u00e9rcito a las calles para realizar tareas de seguridad p\u00fablica y declar\u00f3 \u201cla guerra\u201d al crimen organizado, pol\u00edtica que se mantiene hasta la fecha.<\/p>\n\n\n\n<p>(Informaci\u00f3n de \u00abEl Financiero\u00bb)<\/p>\n","protected":false},"excerpt":{"rendered":"<p>Redacci\u00f3n\/Zona Roja Cdmx. Ciudad de M\u00e9xico, 1 de marzo de 2022.- Aunque en M\u00e9xico no&hellip;<\/p>\n","protected":false},"author":2,"featured_media":38210,"comment_status":"closed","ping_status":"open","sticky":false,"template":"","format":"standard","meta":{"_lmt_disableupdate":"","_lmt_disable":"","_jetpack_memberships_contains_paid_content":false,"footnotes":""},"categories":[109,47],"tags":[],"class_list":["post-38209","post","type-post","status-publish","format-standard","has-post-thumbnail","hentry","category-minuto-a-minuto","category-zona-gris"],"jetpack_featured_media_url":"https:\/\/zonaroja.com.mx\/wp-content\/uploads\/2022\/03\/Personas-desplazadas-Mexico.jpg","jetpack_sharing_enabled":true,"_links":{"self":[{"href":"https:\/\/zonaroja.com.mx\/index.php?rest_route=\/wp\/v2\/posts\/38209","targetHints":{"allow":["GET"]}}],"collection":[{"href":"https:\/\/zonaroja.com.mx\/index.php?rest_route=\/wp\/v2\/posts"}],"about":[{"href":"https:\/\/zonaroja.com.mx\/index.php?rest_route=\/wp\/v2\/types\/post"}],"author":[{"embeddable":true,"href":"https:\/\/zonaroja.com.mx\/index.php?rest_route=\/wp\/v2\/users\/2"}],"replies":[{"embeddable":true,"href":"https:\/\/zonaroja.com.mx\/index.php?rest_route=%2Fwp%2Fv2%2Fcomments&post=38209"}],"version-history":[{"count":1,"href":"https:\/\/zonaroja.com.mx\/index.php?rest_route=\/wp\/v2\/posts\/38209\/revisions"}],"predecessor-version":[{"id":38211,"href":"https:\/\/zonaroja.com.mx\/index.php?rest_route=\/wp\/v2\/posts\/38209\/revisions\/38211"}],"wp:featuredmedia":[{"embeddable":true,"href":"https:\/\/zonaroja.com.mx\/index.php?rest_route=\/wp\/v2\/media\/38210"}],"wp:attachment":[{"href":"https:\/\/zonaroja.com.mx\/index.php?rest_route=%2Fwp%2Fv2%2Fmedia&parent=38209"}],"wp:term":[{"taxonomy":"category","embeddable":true,"href":"https:\/\/zonaroja.com.mx\/index.php?rest_route=%2Fwp%2Fv2%2Fcategories&post=38209"},{"taxonomy":"post_tag","embeddable":true,"href":"https:\/\/zonaroja.com.mx\/index.php?rest_route=%2Fwp%2Fv2%2Ftags&post=38209"}],"curies":[{"name":"wp","href":"https:\/\/api.w.org\/{rel}","templated":true}]}}