{"id":38218,"date":"2022-03-01T07:41:03","date_gmt":"2022-03-01T13:41:03","guid":{"rendered":"http:\/\/www.zonaroja.com.mx\/?p=38218"},"modified":"2022-03-01T07:41:27","modified_gmt":"2022-03-01T13:41:27","slug":"comparte-poder-judicial-experiencias-para-fortalecer-el-sistema-penal-acusatorio","status":"publish","type":"post","link":"https:\/\/zonaroja.com.mx\/?p=38218","title":{"rendered":"Comparte Poder Judicial experiencias para fortalecer el Sistema Penal Acusatorio"},"content":{"rendered":"\n<p>Redacci\u00f3n\/Zona Roja.<\/p>\n\n\n\n<p>Oaxaca de Ju\u00e1rez, Max., 1 de marzo de 2022.- El Poder Judicial del Estado particip\u00f3 en la Sesi\u00f3n de la Elaboraci\u00f3n de Gu\u00edas Judiciales de Conducci\u00f3n de Audiencias, organizada en Oaxaca a convocatoria del Consejo de la Judicatura Federal (CJF) del Poder Judicial de la Federaci\u00f3n, a trav\u00e9s de la Unidad para la Consolidaci\u00f3n del Nuevo Sistema de Justicia Penal y la Oficina Internacional para el Desarrollo de Sistemas de Procuraci\u00f3n de Justicia (OPDAT M\u00e9xico) del Departamento de Justicia de los Estados Unidos de Am\u00e9rica.&nbsp;<\/p>\n\n\n\n<p>Acompa\u00f1ado de magistrados del Tribunal Superior de Justicia, pioneros del modelo basado en los juicios orales y que represent\u00f3 en el pa\u00eds un avance hist\u00f3rico, el Magistrado Presidente se\u00f1al\u00f3 queeste espacio de di\u00e1logo y suma de esfuerzos permite fortalecer las pr\u00e1cticas para que dicho sistema funcione de manera eficaz, eficiente y bajo altos est\u00e1ndares de calidad.<\/p>\n\n\n\n<p>En el encuentro que reuni\u00f3 a impartidoras e impartidores de justicia de diferentes entidades del pa\u00eds como la Ciudad de M\u00e9xico yPuebla, adem\u00e1s de Oaxaca, con el objetivo de homologar metodolog\u00edas y criterios, as\u00ed como reducir los tiempos de esta etapa procesal, el titular del Poder Judicial del Estado puntualiz\u00f3 que la profesionalizaci\u00f3n es un tema fundamental para la consolidaci\u00f3n de este sistema.&nbsp;<\/p>\n\n\n\n<p>En este sentido, coment\u00f3 que a trav\u00e9s de la maestr\u00eda en Derecho Judicial, posgrado de car\u00e1cter internacional, la Escuela Judicial de Oaxaca y el Departamento de Derecho de la Universidad de Perugia, Italia fortalecer\u00e1n la formaci\u00f3n acad\u00e9mica e magistradas, magistrados, juezas, jueces y operadores judiciales no s\u00f3lo de la entidad, sino tambi\u00e9n de los Poderes Judiciales de la Rep\u00fablica Mexicana y de Latinoam\u00e9rica.<\/p>\n\n\n\n<p>Durante la sesi\u00f3n de trabajo, los magistrados del Tribunal Superior de Justicia del Estado compartieron con jueces de oralidad penal y ejecuci\u00f3n del Sistema Acusatorio Adversarial, de Ejecuci\u00f3n de Medidas de Justicia para Adolescentes, experiencias exitosas y propuestas a fin de contribuir al perfeccionamiento de las Gu\u00edas Judiciales de Conducci\u00f3n de Audiencias.&nbsp;<\/p>\n\n\n\n<p>El trabajo conjunto en este tema est\u00e1 encaminado a mejorar pr\u00e1cticas judiciales de juezas y jueces&nbsp; derivadas de la experiencia en la aplicaci\u00f3n de estos instrumentos en otros pa\u00edses, lo que se traducir\u00e1 en un mejor conocimiento, manejo y funcionamiento del sistema acusatorio y el integral de Justicia Penal para Adolescentes.<\/p>\n","protected":false},"excerpt":{"rendered":"<p>Redacci\u00f3n\/Zona Roja. Oaxaca de Ju\u00e1rez, Max., 1 de marzo de 2022.- El Poder Judicial del&hellip;<\/p>\n","protected":false},"author":2,"featured_media":38217,"comment_status":"closed","ping_status":"open","sticky":false,"template":"","format":"standard","meta":{"_lmt_disableupdate":"","_lmt_disable":"","_jetpack_memberships_contains_paid_content":false,"footnotes":""},"categories":[109,46],"tags":[223],"class_list":["post-38218","post","type-post","status-publish","format-standard","has-post-thumbnail","hentry","category-minuto-a-minuto","category-zona-blanca","tag-poder-judicial-de-oaxaca"],"jetpack_featured_media_url":"https:\/\/zonaroja.com.mx\/wp-content\/uploads\/2022\/03\/Poder-Judicial-Oaxaca.jpg","jetpack_sharing_enabled":true,"_links":{"self":[{"href":"https:\/\/zonaroja.com.mx\/index.php?rest_route=\/wp\/v2\/posts\/38218","targetHints":{"allow":["GET"]}}],"collection":[{"href":"https:\/\/zonaroja.com.mx\/index.php?rest_route=\/wp\/v2\/posts"}],"about":[{"href":"https:\/\/zonaroja.com.mx\/index.php?rest_route=\/wp\/v2\/types\/post"}],"author":[{"embeddable":true,"href":"https:\/\/zonaroja.com.mx\/index.php?rest_route=\/wp\/v2\/users\/2"}],"replies":[{"embeddable":true,"href":"https:\/\/zonaroja.com.mx\/index.php?rest_route=%2Fwp%2Fv2%2Fcomments&post=38218"}],"version-history":[{"count":2,"href":"https:\/\/zonaroja.com.mx\/index.php?rest_route=\/wp\/v2\/posts\/38218\/revisions"}],"predecessor-version":[{"id":38220,"href":"https:\/\/zonaroja.com.mx\/index.php?rest_route=\/wp\/v2\/posts\/38218\/revisions\/38220"}],"wp:featuredmedia":[{"embeddable":true,"href":"https:\/\/zonaroja.com.mx\/index.php?rest_route=\/wp\/v2\/media\/38217"}],"wp:attachment":[{"href":"https:\/\/zonaroja.com.mx\/index.php?rest_route=%2Fwp%2Fv2%2Fmedia&parent=38218"}],"wp:term":[{"taxonomy":"category","embeddable":true,"href":"https:\/\/zonaroja.com.mx\/index.php?rest_route=%2Fwp%2Fv2%2Fcategories&post=38218"},{"taxonomy":"post_tag","embeddable":true,"href":"https:\/\/zonaroja.com.mx\/index.php?rest_route=%2Fwp%2Fv2%2Ftags&post=38218"}],"curies":[{"name":"wp","href":"https:\/\/api.w.org\/{rel}","templated":true}]}}