{"id":38225,"date":"2022-03-01T08:14:28","date_gmt":"2022-03-01T14:14:28","guid":{"rendered":"http:\/\/www.zonaroja.com.mx\/?p=38225"},"modified":"2022-03-01T08:14:30","modified_gmt":"2022-03-01T14:14:30","slug":"dialogo-no-violencia-via-para-resolver-diferencias-ieepco","status":"publish","type":"post","link":"https:\/\/zonaroja.com.mx\/?p=38225","title":{"rendered":"Di\u00e1logo, no violencia, v\u00eda para resolver diferencias: IEEPCO"},"content":{"rendered":"\n<p>Redacci\u00f3n\/Zona Roja.<\/p>\n\n\n\n<p>Oaxaca de Ju\u00e1rez, Oax., 1 de marzo de 2022.- Las consejeras y consejeros del Instituto Estatal Electoral y de Participaci\u00f3n Ciudadana de Oaxaca (IEEPCO) manifestaron en sesi\u00f3n p\u00fablica de anoche, su rechazo en\u00e9rgico a los actos violentos realizados por personas desconocidas esta semana en las oficinas del \u00f3rgano electoral y en su consejo distrital de Santa Cruz Xoxocotl\u00e1n.&nbsp;<\/p>\n\n\n\n<p>En este sentido, coincidieron que es a trav\u00e9s del di\u00e1logo y por los cauces institucionales que se deben de resolver las diferencias, por lo que hicieron un llamado a toda la ciudadan\u00eda, actores y actoras pol\u00edticas, a militantes y simpatizantes de partidos pol\u00edticos, as\u00ed como a las instancias de gobierno correspondientes para generar condiciones de paz y calma en el proceso electoral a la gubernatura y las elecciones extraordinarias&nbsp;<\/p>\n\n\n\n<p>En la sesi\u00f3n, informaron que las actividades establecidas en el calendario electoral de ambas elecciones avanza sin contratiempos y reafirmaron su compromiso para que el IEEPCO cumpla con su mandato legal de organizar elecciones en apego a la ley. &nbsp;<\/p>\n\n\n\n<p>La consejera presidenta, Elizabeth S\u00e1nchez Gonz\u00e1lez, as\u00ed como las consejeras Carmelita Sibaja Ochoa, Jessica Jazibe Hern\u00e1ndez Garc\u00eda, Nayma Enr\u00edquez Estrada, Zaira Alhel\u00ed Hip\u00f3lito L\u00f3pez y el consejero electoral, Alejandro Carrasco Sampedro reconocieron la encomiable labor de todo el personal del Instituto, adem\u00e1s de quienes integran los 25 consejos distritales ciudadanos.&nbsp;<\/p>\n\n\n\n<p>En la sesi\u00f3n, se inform\u00f3 que se han realizado las denuncias correspondientes y asimismo que se solicit\u00f3 a las autoridades correspondientes una investigaci\u00f3n exhaustiva sobre estos reprobables hechos.&nbsp;<\/p>\n\n\n\n<p>A la condena por los hechos violentos en contra del Instituto se unieron las representaciones de los partidos Nueva Alianza, Revolucionario Institucional, Acci\u00f3n Nacional y del Trabajo.&nbsp; &nbsp;<\/p>\n\n\n\n<p>En el marco de la Sesi\u00f3n Ordinaria tambi\u00e9n se presentaron los informes sobre las resoluciones dictadas por el Tribunal Electoral del Estado de Oaxaca, Quejas y Denuncias, Encuestas Electorales y Monitoreo de Programas en Radio, Televisi\u00f3n e Internet, entre otros.&nbsp;<\/p>\n","protected":false},"excerpt":{"rendered":"<p>Redacci\u00f3n\/Zona Roja. Oaxaca de Ju\u00e1rez, Oax., 1 de marzo de 2022.- Las consejeras y consejeros&hellip;<\/p>\n","protected":false},"author":2,"featured_media":38213,"comment_status":"closed","ping_status":"open","sticky":false,"template":"","format":"standard","meta":{"_lmt_disableupdate":"","_lmt_disable":"","_jetpack_memberships_contains_paid_content":false,"footnotes":""},"categories":[109,47],"tags":[2932],"class_list":["post-38225","post","type-post","status-publish","format-standard","has-post-thumbnail","hentry","category-minuto-a-minuto","category-zona-gris","tag-instituto-estatal-electoral-y-de-participacion-ciudadana-de-oaxaca-ieepco"],"jetpack_featured_media_url":"https:\/\/zonaroja.com.mx\/wp-content\/uploads\/2022\/03\/Sesion-IEEPCO.jpg","jetpack_sharing_enabled":true,"_links":{"self":[{"href":"https:\/\/zonaroja.com.mx\/index.php?rest_route=\/wp\/v2\/posts\/38225","targetHints":{"allow":["GET"]}}],"collection":[{"href":"https:\/\/zonaroja.com.mx\/index.php?rest_route=\/wp\/v2\/posts"}],"about":[{"href":"https:\/\/zonaroja.com.mx\/index.php?rest_route=\/wp\/v2\/types\/post"}],"author":[{"embeddable":true,"href":"https:\/\/zonaroja.com.mx\/index.php?rest_route=\/wp\/v2\/users\/2"}],"replies":[{"embeddable":true,"href":"https:\/\/zonaroja.com.mx\/index.php?rest_route=%2Fwp%2Fv2%2Fcomments&post=38225"}],"version-history":[{"count":1,"href":"https:\/\/zonaroja.com.mx\/index.php?rest_route=\/wp\/v2\/posts\/38225\/revisions"}],"predecessor-version":[{"id":38226,"href":"https:\/\/zonaroja.com.mx\/index.php?rest_route=\/wp\/v2\/posts\/38225\/revisions\/38226"}],"wp:featuredmedia":[{"embeddable":true,"href":"https:\/\/zonaroja.com.mx\/index.php?rest_route=\/wp\/v2\/media\/38213"}],"wp:attachment":[{"href":"https:\/\/zonaroja.com.mx\/index.php?rest_route=%2Fwp%2Fv2%2Fmedia&parent=38225"}],"wp:term":[{"taxonomy":"category","embeddable":true,"href":"https:\/\/zonaroja.com.mx\/index.php?rest_route=%2Fwp%2Fv2%2Fcategories&post=38225"},{"taxonomy":"post_tag","embeddable":true,"href":"https:\/\/zonaroja.com.mx\/index.php?rest_route=%2Fwp%2Fv2%2Ftags&post=38225"}],"curies":[{"name":"wp","href":"https:\/\/api.w.org\/{rel}","templated":true}]}}