{"id":38227,"date":"2022-03-01T08:30:14","date_gmt":"2022-03-01T14:30:14","guid":{"rendered":"http:\/\/www.zonaroja.com.mx\/?p=38227"},"modified":"2022-03-01T16:02:11","modified_gmt":"2022-03-01T22:02:11","slug":"incendiaron-tambien-sede-electoral-del-ieepco-en-xoxocotlan","status":"publish","type":"post","link":"https:\/\/zonaroja.com.mx\/?p=38227","title":{"rendered":"Incendiaron tambi\u00e9n sede electoral del IEEPCO, en Xoxocotl\u00e1n"},"content":{"rendered":"\n<p>Redacci\u00f3n\/Zona Roja.<\/p>\n\n\n\n<p>Oaxaca de Ju\u00e1rez, Max., 1 de marzo de 2002.- Al incendio de una de las sedes del Instituto Estatal Electoral y de Participaci\u00f3n Ciudadana de Oaxaca (IEEPCO), se sum\u00f3 un acto similar en el Consejo Distrital del \u00f3rgano con sede en Santa Cruz Xoxocotl\u00e1n.<\/p>\n\n\n\n<p>De este caso no se ha dado informaci\u00f3n p\u00fablica, pero el IEEPCO present\u00f3 tambi\u00e9n una denuncia por este caso, ocurrido la noche del s\u00e1bado, en que uno o varios sujetos intentaron quemar la sede, prendieron fuego a la puerta y s\u00f3lo dejaron da\u00f1os menores.<\/p>\n\n\n\n<p>Mientras tanto, la Asociaci\u00f3n de Instituciones Electorales de las Entidades Federativas (AIEEF) conden\u00f3 los hechos registrados ayer por la madrugada en el acceso a uno de los edificios del IEEPCO, en la colonia Reforma de la capital oaxaque\u00f1a.<\/p>\n\n\n\n<p>\u00abLa violencia jam\u00e1s ser\u00e1 el camino para encontrar respuestas, es necesario apostar al di\u00e1logo, encontrando en ello alternativa id\u00f3nea para alcanzar acuerdos en beneficio de todas las partes, dentro del marco de la legalidad\u00bb, dijo en un comunicado.<\/p>\n\n\n\n<figure class=\"wp-block-image size-large\"><a href=\"http:\/\/www.zonaroja.com.mx\/wp-content\/uploads\/2022\/03\/Desplegado-AIEEF.jpg\" data-rel=\"penci-gallery-image-content\" ><img decoding=\"async\" width=\"878\" height=\"1024\" src=\"http:\/\/www.zonaroja.com.mx\/wp-content\/uploads\/2022\/03\/Desplegado-AIEEF-878x1024.jpg\" alt=\"\" class=\"wp-image-38229\" srcset=\"https:\/\/zonaroja.com.mx\/wp-content\/uploads\/2022\/03\/Desplegado-AIEEF-878x1024.jpg 878w, https:\/\/zonaroja.com.mx\/wp-content\/uploads\/2022\/03\/Desplegado-AIEEF-257x300.jpg 257w, https:\/\/zonaroja.com.mx\/wp-content\/uploads\/2022\/03\/Desplegado-AIEEF-768x895.jpg 768w, https:\/\/zonaroja.com.mx\/wp-content\/uploads\/2022\/03\/Desplegado-AIEEF-585x682.jpg 585w, https:\/\/zonaroja.com.mx\/wp-content\/uploads\/2022\/03\/Desplegado-AIEEF.jpg 1098w\" sizes=\"(max-width: 878px) 100vw, 878px\" \/><\/a><\/figure>\n\n\n\n<p>A\u00f1adi\u00f3 que cualquier manifestaci\u00f3n violenta que atente contra la integridad de personas o instituciones debe ser reprobado e investigado por las instancias correspondientes, a fin de esclarecer la situaci\u00f3n y aplicar la ley a quienes resulten responsables.<\/p>\n\n\n\n<p>\u00abHacemos un respetuoso llamado a actoras, actores pol\u00edticos, integrantes de partidos, grupos sociales, organizaciones y ciudadan\u00eda en general a privilegiar la paz y el di\u00e1logo para llevar a cabo el Proceso Electoral Extraordinario 2021-2022 de manera efectiva y en un clima seguro, anteponiendo la garant\u00eda de los derechos pol\u00edticos-electorales de las y los oaxaque\u00f1os\u00bb, difundi\u00f3.<\/p>\n\n\n\n<p>El viernes por la noche, sujetos desconocidos vandalizaron el palacio municipal De Santiago Laollaga, para rechazar las elecciones extraordinarias, al asegurar que no hab\u00eda condiciones para ello.<\/p>\n","protected":false},"excerpt":{"rendered":"<p>Redacci\u00f3n\/Zona Roja. Oaxaca de Ju\u00e1rez, Max., 1 de marzo de 2002.- Al incendio de una&hellip;<\/p>\n","protected":false},"author":2,"featured_media":38170,"comment_status":"closed","ping_status":"open","sticky":false,"template":"","format":"standard","meta":{"_lmt_disableupdate":"","_lmt_disable":"","_jetpack_memberships_contains_paid_content":false,"footnotes":""},"categories":[109,47],"tags":[2932],"class_list":["post-38227","post","type-post","status-publish","format-standard","has-post-thumbnail","hentry","category-minuto-a-minuto","category-zona-gris","tag-instituto-estatal-electoral-y-de-participacion-ciudadana-de-oaxaca-ieepco"],"jetpack_featured_media_url":"https:\/\/zonaroja.com.mx\/wp-content\/uploads\/2022\/02\/Incendio-sede-IEEPCO.jpg","jetpack_sharing_enabled":true,"_links":{"self":[{"href":"https:\/\/zonaroja.com.mx\/index.php?rest_route=\/wp\/v2\/posts\/38227","targetHints":{"allow":["GET"]}}],"collection":[{"href":"https:\/\/zonaroja.com.mx\/index.php?rest_route=\/wp\/v2\/posts"}],"about":[{"href":"https:\/\/zonaroja.com.mx\/index.php?rest_route=\/wp\/v2\/types\/post"}],"author":[{"embeddable":true,"href":"https:\/\/zonaroja.com.mx\/index.php?rest_route=\/wp\/v2\/users\/2"}],"replies":[{"embeddable":true,"href":"https:\/\/zonaroja.com.mx\/index.php?rest_route=%2Fwp%2Fv2%2Fcomments&post=38227"}],"version-history":[{"count":2,"href":"https:\/\/zonaroja.com.mx\/index.php?rest_route=\/wp\/v2\/posts\/38227\/revisions"}],"predecessor-version":[{"id":38230,"href":"https:\/\/zonaroja.com.mx\/index.php?rest_route=\/wp\/v2\/posts\/38227\/revisions\/38230"}],"wp:featuredmedia":[{"embeddable":true,"href":"https:\/\/zonaroja.com.mx\/index.php?rest_route=\/wp\/v2\/media\/38170"}],"wp:attachment":[{"href":"https:\/\/zonaroja.com.mx\/index.php?rest_route=%2Fwp%2Fv2%2Fmedia&parent=38227"}],"wp:term":[{"taxonomy":"category","embeddable":true,"href":"https:\/\/zonaroja.com.mx\/index.php?rest_route=%2Fwp%2Fv2%2Fcategories&post=38227"},{"taxonomy":"post_tag","embeddable":true,"href":"https:\/\/zonaroja.com.mx\/index.php?rest_route=%2Fwp%2Fv2%2Ftags&post=38227"}],"curies":[{"name":"wp","href":"https:\/\/api.w.org\/{rel}","templated":true}]}}