{"id":38232,"date":"2022-03-01T13:48:19","date_gmt":"2022-03-01T19:48:19","guid":{"rendered":"https:\/\/www.zonaroja.com.mx\/?p=38232"},"modified":"2022-03-01T13:50:12","modified_gmt":"2022-03-01T19:50:12","slug":"quinto-feminicidio-en-menos-de-una-semana-en-oaxaca-ahora-pochutla","status":"publish","type":"post","link":"https:\/\/zonaroja.com.mx\/?p=38232","title":{"rendered":"Quinto feminicidio en menos de una semana en Oaxaca, ahora Pochutla"},"content":{"rendered":"\n<p>Ismael Garc\u00eda M.\/Zona Roja.&nbsp;<\/p>\n\n\n\n<p>Oaxaca de Ju\u00e1rez, Oax., 1 de marzo de 2022.- Por quinto d\u00eda en menos de una semana, una mujer fue asesinada en Oaxaca, ahora en el municipio de San Pedro Pochutla.<\/p>\n\n\n\n<p>De acuerdo con los primeros reportes, alrededor de las 10:00 fue localizado el cad\u00e1ver de una femenina sobre la carretera federal 175, a la altura del kil\u00f3metro 221+ 900, paraje Los Ciruelos.<\/p>\n\n\n\n<p>El cuerpo presenta varios impactos de arma de fuego y la v\u00edctima fue identificada de manera preliminar como &nbsp;Ana V. C., de 30 a\u00f1os de edad.<\/p>\n\n\n\n<p>Ten\u00eda su domicilio en el paraje Tahueca, Pochutla, y fue reconocida por qui\u00e9n dijo ser su padre, Dionicio J., de 59 a\u00f1os de edad.&nbsp;<\/p>\n\n\n\n<p>Hasta el momento se desconoce el m\u00f3vil del crimen y personal de la Fiscal\u00eda General del Estado de Oaxaca inici\u00f3 las indagatorias correspondientes. <\/p>\n","protected":false},"excerpt":{"rendered":"<p>Ismael Garc\u00eda M.\/Zona Roja.&nbsp; Oaxaca de Ju\u00e1rez, Oax., 1 de marzo de 2022.- Por quinto&hellip;<\/p>\n","protected":false},"author":2,"featured_media":38231,"comment_status":"closed","ping_status":"open","sticky":false,"template":"","format":"standard","meta":{"_lmt_disableupdate":"","_lmt_disable":"","_jetpack_memberships_contains_paid_content":false,"footnotes":""},"categories":[109,51],"tags":[1081],"class_list":["post-38232","post","type-post","status-publish","format-standard","has-post-thumbnail","hentry","category-minuto-a-minuto","category-zona-roja","tag-feminicidios-en-oaxaca"],"jetpack_featured_media_url":"https:\/\/zonaroja.com.mx\/wp-content\/uploads\/2022\/03\/67a7317d-07d3-460c-919f-bf5dd739cc68.jpg","jetpack_sharing_enabled":true,"_links":{"self":[{"href":"https:\/\/zonaroja.com.mx\/index.php?rest_route=\/wp\/v2\/posts\/38232","targetHints":{"allow":["GET"]}}],"collection":[{"href":"https:\/\/zonaroja.com.mx\/index.php?rest_route=\/wp\/v2\/posts"}],"about":[{"href":"https:\/\/zonaroja.com.mx\/index.php?rest_route=\/wp\/v2\/types\/post"}],"author":[{"embeddable":true,"href":"https:\/\/zonaroja.com.mx\/index.php?rest_route=\/wp\/v2\/users\/2"}],"replies":[{"embeddable":true,"href":"https:\/\/zonaroja.com.mx\/index.php?rest_route=%2Fwp%2Fv2%2Fcomments&post=38232"}],"version-history":[{"count":1,"href":"https:\/\/zonaroja.com.mx\/index.php?rest_route=\/wp\/v2\/posts\/38232\/revisions"}],"predecessor-version":[{"id":38233,"href":"https:\/\/zonaroja.com.mx\/index.php?rest_route=\/wp\/v2\/posts\/38232\/revisions\/38233"}],"wp:featuredmedia":[{"embeddable":true,"href":"https:\/\/zonaroja.com.mx\/index.php?rest_route=\/wp\/v2\/media\/38231"}],"wp:attachment":[{"href":"https:\/\/zonaroja.com.mx\/index.php?rest_route=%2Fwp%2Fv2%2Fmedia&parent=38232"}],"wp:term":[{"taxonomy":"category","embeddable":true,"href":"https:\/\/zonaroja.com.mx\/index.php?rest_route=%2Fwp%2Fv2%2Fcategories&post=38232"},{"taxonomy":"post_tag","embeddable":true,"href":"https:\/\/zonaroja.com.mx\/index.php?rest_route=%2Fwp%2Fv2%2Ftags&post=38232"}],"curies":[{"name":"wp","href":"https:\/\/api.w.org\/{rel}","templated":true}]}}