{"id":38234,"date":"2022-03-01T16:05:56","date_gmt":"2022-03-01T22:05:56","guid":{"rendered":"http:\/\/www.zonaroja.com.mx\/?p=38234"},"modified":"2022-03-01T16:05:57","modified_gmt":"2022-03-01T22:05:57","slug":"con-la-reforma-electrica-se-construye-una-patria-nueva-susana-harp-iturribarria","status":"publish","type":"post","link":"https:\/\/zonaroja.com.mx\/?p=38234","title":{"rendered":"Con la reforma el\u00e9ctrica se construye una Patria nueva: Susana Harp Iturribarr\u00eda"},"content":{"rendered":"\n<p>Redacci\u00f3n\/Zona Roja.<\/p>\n\n\n\n<p>Oaxaca de Ju\u00e1rez, Oax., 2 de marzo del 2022.- La senadora de la Rep\u00fablica, Susana Harp Iturribarr\u00eda, indic\u00f3 que con la Reforma El\u00e9ctrica, se construye una patria en M\u00e9xico, esto durante la asamblea informativa sobre este tema realizada este domingo en San Juan Bautista Valle Nacional Oaxaca.&nbsp;<\/p>\n\n\n\n<p>La representante popular refiri\u00f3 que la iniciativa es un acto de justicia para el pueblo de Oaxaca. \u201cEsto que estamos haciendo, esta pl\u00e1tica informativa sobre esta reforma el\u00e9ctrica es para que en verdad tengamos en M\u00e9xico un proyecto de transformaci\u00f3n\u201d, expres\u00f3.&nbsp;<\/p>\n\n\n\n<p>\u00abDebemos reformar estos tres art\u00edculos del la Constituci\u00f3n para que realmente podamos tener la certeza de que el mercado no va ser el que va a mandar, sino que el estado es el que va estar regulando\u201d apunt\u00f3 la senadora, quien insisti\u00f3 que con las reformas planteadas se acabar\u00e1n los contratos leoninos a favor de las empresas.<\/p>\n\n\n\n<p>Destac\u00f3 que foros como el realizado este domingo en San Juan Bautista Valle Nacional, son de suma importancia, ya que se presenta la informaci\u00f3n de la reforma, se atienden dudas y se escuchan las preocupaciones de la ciudadan\u00eda, lo m\u00e1s importante dijo, es que se tiene que hacer conciencia en la ciudadan\u00eda de la importancia de esta reforma.<\/p>\n\n\n\n<p>En la reuni\u00f3n informativa estuvieron presentes el actual diputado de Morena, C\u00e9sar Mateos Ben\u00edtez; el ex diputado local Fredie Delf\u00edn Avenda\u00f1o; la ex diputada Migdalia Espinoza Manuel y el representante del Frente Obradorista de Oaxaca, Rold\u00e1n Figueroa.<\/p>\n","protected":false},"excerpt":{"rendered":"<p>Redacci\u00f3n\/Zona Roja. Oaxaca de Ju\u00e1rez, Oax., 2 de marzo del 2022.- La senadora de la&hellip;<\/p>\n","protected":false},"author":2,"featured_media":38214,"comment_status":"closed","ping_status":"open","sticky":false,"template":"","format":"standard","meta":{"_lmt_disableupdate":"","_lmt_disable":"","_jetpack_memberships_contains_paid_content":false,"footnotes":""},"categories":[109,46],"tags":[1685],"class_list":["post-38234","post","type-post","status-publish","format-standard","has-post-thumbnail","hentry","category-minuto-a-minuto","category-zona-blanca","tag-susana-harp-iturribarria"],"jetpack_featured_media_url":"https:\/\/zonaroja.com.mx\/wp-content\/uploads\/2022\/03\/Susana-Harp-reforma-electrica-Valle.jpg","jetpack_sharing_enabled":true,"_links":{"self":[{"href":"https:\/\/zonaroja.com.mx\/index.php?rest_route=\/wp\/v2\/posts\/38234","targetHints":{"allow":["GET"]}}],"collection":[{"href":"https:\/\/zonaroja.com.mx\/index.php?rest_route=\/wp\/v2\/posts"}],"about":[{"href":"https:\/\/zonaroja.com.mx\/index.php?rest_route=\/wp\/v2\/types\/post"}],"author":[{"embeddable":true,"href":"https:\/\/zonaroja.com.mx\/index.php?rest_route=\/wp\/v2\/users\/2"}],"replies":[{"embeddable":true,"href":"https:\/\/zonaroja.com.mx\/index.php?rest_route=%2Fwp%2Fv2%2Fcomments&post=38234"}],"version-history":[{"count":1,"href":"https:\/\/zonaroja.com.mx\/index.php?rest_route=\/wp\/v2\/posts\/38234\/revisions"}],"predecessor-version":[{"id":38235,"href":"https:\/\/zonaroja.com.mx\/index.php?rest_route=\/wp\/v2\/posts\/38234\/revisions\/38235"}],"wp:featuredmedia":[{"embeddable":true,"href":"https:\/\/zonaroja.com.mx\/index.php?rest_route=\/wp\/v2\/media\/38214"}],"wp:attachment":[{"href":"https:\/\/zonaroja.com.mx\/index.php?rest_route=%2Fwp%2Fv2%2Fmedia&parent=38234"}],"wp:term":[{"taxonomy":"category","embeddable":true,"href":"https:\/\/zonaroja.com.mx\/index.php?rest_route=%2Fwp%2Fv2%2Fcategories&post=38234"},{"taxonomy":"post_tag","embeddable":true,"href":"https:\/\/zonaroja.com.mx\/index.php?rest_route=%2Fwp%2Fv2%2Ftags&post=38234"}],"curies":[{"name":"wp","href":"https:\/\/api.w.org\/{rel}","templated":true}]}}