{"id":38236,"date":"2022-03-01T16:31:45","date_gmt":"2022-03-01T22:31:45","guid":{"rendered":"http:\/\/www.zonaroja.com.mx\/?p=38236"},"modified":"2022-03-01T16:31:47","modified_gmt":"2022-03-01T22:31:47","slug":"inicia-marzo-con-intensas-protestas-en-oaxaca-en-marcha-vandalizan-zona-militar","status":"publish","type":"post","link":"https:\/\/zonaroja.com.mx\/?p=38236","title":{"rendered":"Inicia marzo con intensas protestas en Oaxaca; en marcha, vandalizan Zona Militar"},"content":{"rendered":"\n<p>Yuridiana Sosa\/Zona Roja.<\/p>\n\n\n\n<p>Oaxaca de Ju\u00e1rez, Oax., 1 de marzo de 2022.- Las manifestaciones en Oaxaca no dan tregua y en este inicio de mes las protestas se desarrollaron en la regi\u00f3n Valles Centrales y la Mixteca, por diferentes organizaciones sociales, normalistas, universitarios y hasta pepenadores.<\/p>\n\n\n\n<p>La organizaci\u00f3n \u201cSol Rojo\u201d se moviliz\u00f3 desde temprana hora en la zona conurbada a la capital, a la par de una mesa de di\u00e1logo entre la dirigencia del grupo y representantes del Gobierno del Estado encabezada por la Secretar\u00eda General de Gobierno.<\/p>\n\n\n\n<p>Sin importar el encuentro, los manifestantes realizaron diversas pintas en las instalaciones de la XXVIII Zona Militar en Santa Mar\u00eda Ixcotel, del municipio conurbado de Santa Luc\u00eda del Camino, donde a poco metros se reunieron, en la antigua sede del Instituto Estatal de Educaci\u00f3n P\u00fablica de Oaxaca (IEEPO), para salir en marcha.<\/p>\n\n\n\n<p>Presentaci\u00f3n con vida de compa\u00f1eros de lucha social desaparecidos resalt\u00f3 en las paredes de la barda perimetral del complejo militar, as\u00ed como otras pintas a lo largo de la fachada que colinda sobre la carretera federal 190.<\/p>\n\n\n\n<p>A esta movilizaci\u00f3n se integr\u00f3 el Sindicato Independiente Nacional de Trabajadores de Salud (SINTS), para exigir al gobierno estatal y federal la recontrataci\u00f3n del personal despedido por los Servicios de Salud de Oaxaca.<\/p>\n\n\n\n<figure class=\"wp-block-embed is-type-rich is-provider-twitter wp-block-embed-twitter\"><div class=\"wp-block-embed__wrapper\">\n<div class=\"twitter-tweet\"><blockquote class=\"twitter-tweet\" data-lang=\"es\"><p lang=\"es\" dir=\"ltr\"><a href=\"https:\/\/twitter.com\/hashtag\/%C3%9AltimoMinuto?src=hash&amp;ref_src=twsrc%5Etfw\">#\u00daltimoMinuto<\/a> <br>Adem\u00e1s de bloquear temporalmente la v\u00eda federal 190, al oriente de la ciudad de <a href=\"https:\/\/twitter.com\/hashtag\/Oaxaca?src=hash&amp;ref_src=twsrc%5Etfw\">#Oaxaca<\/a>, integrantes de organizaciones sociales, como \u201cSol Rojo\u201d, vandalizan inmuebles p\u00fablicos, como el de la Secretar\u00eda de la Defensa Nacional. <a href=\"https:\/\/t.co\/4DDjA0HO30\">pic.twitter.com\/4DDjA0HO30<\/a><\/p>&mdash; Zona Roja Oaxaca (@ZonaRoja_Oaxaca) <a href=\"https:\/\/twitter.com\/ZonaRoja_Oaxaca\/status\/1498727866095194115?ref_src=twsrc%5Etfw\">1 de marzo de 2022<\/a><\/blockquote><\/div>\n<\/div><\/figure>\n\n\n\n<p>Las organizaciones que se unieron al movimiento de \u00abSol Rojo\u00bb tienen previsto instalarse en plant\u00f3n en la capital del estado, uno de los puntos que contemplan es frente a Casa Oficial, en la avenida Ju\u00e1rez del Centro Hist\u00f3rico de la capital.<\/p>\n\n\n\n<p>JORNADAS INDEFINIDAS<\/p>\n\n\n\n<p>Por otra parte, estudiantes normalistas contin\u00faan en actividades de protesta para exigir 600 plazas para los egresados de las 11 escuelas normales.<\/p>\n\n\n\n<p>Este martes realizaron la \u201ctoma\u201d y retenci\u00f3n de al menos seis unidades del transporte urbano de la capital y los trasladaron al edificio de la Secci\u00f3n 22 del Sindicato Nacional de Trabajadores de la Educaci\u00f3n (SNTE) ubicado en Santa Luc\u00eda del Camino.<\/p>\n\n\n\n<p>Mientras que la organizaci\u00f3n Antorcha Campesina mantiene su \u00abplant\u00f3n\u00bb frente al complejo de Ciudad Administrativa en Tlalixtac de Cabrera, para exigir atenci\u00f3n a sus demandas sociales y pol\u00edticas por parte de la Secretar\u00eda General de Gobierno.<\/p>\n\n\n\n<p>La presencia de este grupo impide la circulaci\u00f3n vial en la calle lateral al complejo, que sirve para el descenso de pasaje o de unidades particulares que se dirigen a esta sede de gobierno, pero donde el acceso sigue libre.<\/p>\n\n\n\n<p>Por otra parte, a una semana del estallamiento a huelga por parte del Sindicato de Trabajadores y Empleados de la Universidad Aut\u00f3noma \u201cBenito Ju\u00e1rez\u201d de Oaxaca (STEUABJO), la fracci\u00f3n encabezada por Julio Mora se moviliz\u00f3 para exigir el cumplimiento a sus demandas.<\/p>\n\n\n\n<p>Este grupo de trabajadores universitarios protest\u00f3 en la Junta Local de Conciliaci\u00f3n y Arbitraje (JLCA) y bloque\u00f3 el bulevar Eduardo Vasconcelos, frente a este organismo, pues apuntan que no existen avances en las mesas de negociaci\u00f3n, ni por la autoridad universitaria ni por el gobierno del estado.<\/p>\n\n\n\n<p>En el municipio de Zaachila, un grupo de recicladores se manifest\u00f3 con el cierre del relleno sanitario en este municipio para demandar que su labor no sea afectada ante el presunto cierre de este espacio como lo ha anunciado el municipio de Oaxaca de Ju\u00e1rez ante la saturaci\u00f3n del lugar.<\/p>\n\n\n\n<p>EN LA MIXTECA<\/p>\n\n\n\n<p>Diversas organizaciones estatales con presencia en la regi\u00f3n Mixteca se manifestaron en el municipio de Huajuapan de Le\u00f3n contra el alza al costo de la gasolina y para demandar a la Secretar\u00eda de Movilidad y Secretar\u00eda General de Gobierno una mesa de di\u00e1logo para revisar un aumento a la tarifa.<\/p>\n\n\n\n<p>Transportistas de al menos siete sitios, adheridos a organizaciones como FNIC-CTC, CATEM Joven y MULT demandaron tambi\u00e9n una mesa a los empresarios gasolineros para que bajen los costos.<\/p>\n\n\n\n<p>Los inconformes realizaron presencia en las gasolineras del municipio, as\u00ed como presencia frente al palacio municipal, en la calle de Trujano, Heroico Colegio Militar y Antonio de Le\u00f3n de la Colonia Centro.<\/p>\n\n\n\n<p>Como parte de su movilizaci\u00f3n pegaron calcas a los automovilistas en apoyo a la revocaci\u00f3n del mandato del presidente Andr\u00e9s Manuel L\u00f3pez Obrador.&nbsp;<\/p>\n","protected":false},"excerpt":{"rendered":"<p>Yuridiana Sosa\/Zona Roja. Oaxaca de Ju\u00e1rez, Oax., 1 de marzo de 2022.- Las manifestaciones en&hellip;<\/p>\n","protected":false},"author":2,"featured_media":38237,"comment_status":"closed","ping_status":"open","sticky":false,"template":"","format":"standard","meta":{"_lmt_disableupdate":"","_lmt_disable":"","_jetpack_memberships_contains_paid_content":false,"footnotes":""},"categories":[109,47],"tags":[518],"class_list":["post-38236","post","type-post","status-publish","format-standard","has-post-thumbnail","hentry","category-minuto-a-minuto","category-zona-gris","tag-protestas-oaxaca"],"jetpack_featured_media_url":"https:\/\/zonaroja.com.mx\/wp-content\/uploads\/2022\/03\/Marcha-Sol-Rojo-ciudad-de-Oaxaca.jpg","jetpack_sharing_enabled":true,"_links":{"self":[{"href":"https:\/\/zonaroja.com.mx\/index.php?rest_route=\/wp\/v2\/posts\/38236","targetHints":{"allow":["GET"]}}],"collection":[{"href":"https:\/\/zonaroja.com.mx\/index.php?rest_route=\/wp\/v2\/posts"}],"about":[{"href":"https:\/\/zonaroja.com.mx\/index.php?rest_route=\/wp\/v2\/types\/post"}],"author":[{"embeddable":true,"href":"https:\/\/zonaroja.com.mx\/index.php?rest_route=\/wp\/v2\/users\/2"}],"replies":[{"embeddable":true,"href":"https:\/\/zonaroja.com.mx\/index.php?rest_route=%2Fwp%2Fv2%2Fcomments&post=38236"}],"version-history":[{"count":1,"href":"https:\/\/zonaroja.com.mx\/index.php?rest_route=\/wp\/v2\/posts\/38236\/revisions"}],"predecessor-version":[{"id":38238,"href":"https:\/\/zonaroja.com.mx\/index.php?rest_route=\/wp\/v2\/posts\/38236\/revisions\/38238"}],"wp:featuredmedia":[{"embeddable":true,"href":"https:\/\/zonaroja.com.mx\/index.php?rest_route=\/wp\/v2\/media\/38237"}],"wp:attachment":[{"href":"https:\/\/zonaroja.com.mx\/index.php?rest_route=%2Fwp%2Fv2%2Fmedia&parent=38236"}],"wp:term":[{"taxonomy":"category","embeddable":true,"href":"https:\/\/zonaroja.com.mx\/index.php?rest_route=%2Fwp%2Fv2%2Fcategories&post=38236"},{"taxonomy":"post_tag","embeddable":true,"href":"https:\/\/zonaroja.com.mx\/index.php?rest_route=%2Fwp%2Fv2%2Ftags&post=38236"}],"curies":[{"name":"wp","href":"https:\/\/api.w.org\/{rel}","templated":true}]}}