{"id":38242,"date":"2022-03-01T20:01:51","date_gmt":"2022-03-02T02:01:51","guid":{"rendered":"http:\/\/www.zonaroja.com.mx\/?p=38242"},"modified":"2022-03-01T20:01:53","modified_gmt":"2022-03-02T02:01:53","slug":"congreso-de-oaxaca-rinde-homenaje-a-activista-zapoteca","status":"publish","type":"post","link":"https:\/\/zonaroja.com.mx\/?p=38242","title":{"rendered":"Congreso de Oaxaca rinde homenaje a activista zapoteca"},"content":{"rendered":"\n<p>Redacci\u00f3n\/Zona Roja.<\/p>\n\n\n\n<p>Oaxaca de Ju\u00e1rez, Oax. 1 de marzo de 2022.- En sesi\u00f3n solemne las diputadas y diputados de la 65 Legislatura realizaron un homenaje p\u00f3stumo a la defensora oaxaque\u00f1a de los derechos humanos Carmen Santiago Alonso.<\/p>\n\n\n\n<p>En el sal\u00f3n del pleno se coloc\u00f3 una ofrenda floral con la fotograf\u00eda de la protectora de las comunidades ind\u00edgenas, originaria de San Antonino Castillo Velasco, quien falleciera el pasado 5 de febrero.<\/p>\n\n\n\n<p>En su intervenci\u00f3n, la legisladora y presidenta de la Mesa Directiva, Mariana Ben\u00edtez Tiburcio, expres\u00f3 que el legado de la promotora zapoteca ha servido para visibilizar y poner luz al trabajo de las mujeres.<\/p>\n\n\n\n<p>Tambi\u00e9n, reconoci\u00f3 que la l\u00edder comunitaria les dio voz a los pueblos por casi 40 a\u00f1os y desde su direcci\u00f3n en el Centro de Derechos Ind\u00edgenas \u201cFlor y Canto\u201d A.C., se defendieron los derechos de las comunidades, principalmente por el agua.<\/p>\n\n\n\n<figure class=\"wp-block-embed is-type-rich is-provider-twitter wp-block-embed-twitter\"><div class=\"wp-block-embed__wrapper\">\n<div class=\"twitter-tweet\"><blockquote class=\"twitter-tweet\" data-lang=\"es\"><p lang=\"es\" dir=\"ltr\">\ud83d\udc4f\ud83d\udc4f\ud83d\udc4f\ud83d\udc4f\ud83d\udc4f<br>\u201cCarmelina vive, la lucha sigue\u201d.<br>Emotivo, el homenaje que rindi\u00f3 hoy el <a href=\"https:\/\/twitter.com\/CongresoOaxaca_?ref_src=twsrc%5Etfw\">@CongresoOaxaca_<\/a> en memoria de la activista zapoteca Carmen Santiago Alonso, fundadora de <a href=\"https:\/\/twitter.com\/FloryCantoac?ref_src=twsrc%5Etfw\">@FloryCantoac<\/a>.<br>El diputado <a href=\"https:\/\/twitter.com\/HoracioSosaOax?ref_src=twsrc%5Etfw\">@HoracioSosaOax<\/a> resalt\u00f3 la trayectoria de la defensora de los pueblos. <a href=\"https:\/\/t.co\/sVoWWE39wp\">pic.twitter.com\/sVoWWE39wp<\/a><\/p>&mdash; Zona Roja Oaxaca (@ZonaRoja_Oaxaca) <a href=\"https:\/\/twitter.com\/ZonaRoja_Oaxaca\/status\/1498835214688309249?ref_src=twsrc%5Etfw\">2 de marzo de 2022<\/a><\/blockquote><\/div>\n<\/div><\/figure>\n\n\n\n<p>Despu\u00e9s entregaron el reconocimiento \u00abpost mortem\u00bb a la defensora \u201cCarmelina\u201d por parte de la diputada y presidenta de la Junta de Coordinaci\u00f3n Pol\u00edtica (Jucopo), Laura Estrada Mauro; la legisladora y presidenta de la Mesa Directiva, Mariana Ben\u00edtez Tiburcio; las legisladoras Martina Ysabel Herrera Molina y Yesenia Nolasco Ram\u00edrez, los diputados Sesul Bola\u00f1os L\u00f3pez y Horacio Sosa Villavicencio.<\/p>\n\n\n\n<p>El diputado Sosa Villavicencio dijo a nombre de la ilustre oaxaque\u00f1a, \u201cme quiero ir satisfecha, satisfecha de que hemos sembrado la conciencia del cuidado de nuestro planeta\u201d: Carmen Santiago Alonso\u201d.<\/p>\n\n\n\n<p>Tambi\u00e9n, estuvieron presentes la ciudadana Beatriz Salinas Avil\u00e9s, subdirectora del Centro de Derechos Ind\u00edgenas \u201cFlor y Canto\u201d A.C., y el ciudadano Camilo El\u00edas Santiago Hern\u00e1ndez, representante de la organizaci\u00f3n Coordinadora de Pueblos Unidos por el Cuidado y Defensa del Agua (Copuda), quienes hablaron sobre Santiago Alonso.<\/p>\n\n\n\n<figure class=\"wp-block-embed is-type-rich is-provider-twitter wp-block-embed-twitter\"><div class=\"wp-block-embed__wrapper\">\n<div class=\"twitter-tweet\"><blockquote class=\"twitter-tweet\" data-lang=\"es\"><p lang=\"es\" dir=\"ltr\">Realizamos en el <a href=\"https:\/\/twitter.com\/CongresoOaxaca_?ref_src=twsrc%5Etfw\">@CongresoOaxaca_<\/a>  un homenaje Post Mortem a la defensora zapoteca Carmen Santiago Alonso por su lucha a favor de los derechos humanos de los pueblos ind\u00edgenas y del medio ambiente, entregando a su organizaci\u00f3n &quot;Flor y Canto&quot; un reconocimiento por su legado. <a href=\"https:\/\/t.co\/CtsT55O6fF\">pic.twitter.com\/CtsT55O6fF<\/a><\/p>&mdash; Mariana Ben\u00edtez (@marianabenitezt) <a href=\"https:\/\/twitter.com\/marianabenitezt\/status\/1498783899572396033?ref_src=twsrc%5Etfw\">1 de marzo de 2022<\/a><\/blockquote><\/div>\n<\/div><\/figure>\n","protected":false},"excerpt":{"rendered":"<p>Redacci\u00f3n\/Zona Roja. Oaxaca de Ju\u00e1rez, Oax. 1 de marzo de 2022.- En sesi\u00f3n solemne las&hellip;<\/p>\n","protected":false},"author":2,"featured_media":38243,"comment_status":"closed","ping_status":"open","sticky":false,"template":"","format":"standard","meta":{"_lmt_disableupdate":"","_lmt_disable":"","_jetpack_memberships_contains_paid_content":false,"footnotes":""},"categories":[109,46],"tags":[2743],"class_list":["post-38242","post","type-post","status-publish","format-standard","has-post-thumbnail","hentry","category-minuto-a-minuto","category-zona-blanca","tag-65-legislatura-del-estado-de-oaxaca"],"jetpack_featured_media_url":"https:\/\/zonaroja.com.mx\/wp-content\/uploads\/2022\/03\/Foto-1-Diputacion-rindio-homenaje-a-Carmen-Santiago-Alonso.jpg","jetpack_sharing_enabled":true,"_links":{"self":[{"href":"https:\/\/zonaroja.com.mx\/index.php?rest_route=\/wp\/v2\/posts\/38242","targetHints":{"allow":["GET"]}}],"collection":[{"href":"https:\/\/zonaroja.com.mx\/index.php?rest_route=\/wp\/v2\/posts"}],"about":[{"href":"https:\/\/zonaroja.com.mx\/index.php?rest_route=\/wp\/v2\/types\/post"}],"author":[{"embeddable":true,"href":"https:\/\/zonaroja.com.mx\/index.php?rest_route=\/wp\/v2\/users\/2"}],"replies":[{"embeddable":true,"href":"https:\/\/zonaroja.com.mx\/index.php?rest_route=%2Fwp%2Fv2%2Fcomments&post=38242"}],"version-history":[{"count":1,"href":"https:\/\/zonaroja.com.mx\/index.php?rest_route=\/wp\/v2\/posts\/38242\/revisions"}],"predecessor-version":[{"id":38244,"href":"https:\/\/zonaroja.com.mx\/index.php?rest_route=\/wp\/v2\/posts\/38242\/revisions\/38244"}],"wp:featuredmedia":[{"embeddable":true,"href":"https:\/\/zonaroja.com.mx\/index.php?rest_route=\/wp\/v2\/media\/38243"}],"wp:attachment":[{"href":"https:\/\/zonaroja.com.mx\/index.php?rest_route=%2Fwp%2Fv2%2Fmedia&parent=38242"}],"wp:term":[{"taxonomy":"category","embeddable":true,"href":"https:\/\/zonaroja.com.mx\/index.php?rest_route=%2Fwp%2Fv2%2Fcategories&post=38242"},{"taxonomy":"post_tag","embeddable":true,"href":"https:\/\/zonaroja.com.mx\/index.php?rest_route=%2Fwp%2Fv2%2Ftags&post=38242"}],"curies":[{"name":"wp","href":"https:\/\/api.w.org\/{rel}","templated":true}]}}