{"id":38247,"date":"2022-03-01T21:24:50","date_gmt":"2022-03-02T03:24:50","guid":{"rendered":"http:\/\/www.zonaroja.com.mx\/?p=38247"},"modified":"2022-03-01T21:25:37","modified_gmt":"2022-03-02T03:25:37","slug":"a-casi-dos-anos-de-la-pandemia-oaxaca-rebasa-las-seis-mil-muertes","status":"publish","type":"post","link":"https:\/\/zonaroja.com.mx\/?p=38247","title":{"rendered":"A casi dos a\u00f1os de la pandemia, Oaxaca rebasa las seis mil muertes"},"content":{"rendered":"\n<p>Redacci\u00f3n\/Zona Roja.<\/p>\n\n\n\n<p>Oaxaca de Ju\u00e1rez, Oax., 1 de marzo de 2022.- Oaxaca inici\u00f3 este 1 de marzo con 396 casos nuevos de Covid-19 y nueve fallecimientos, informaron los Servicios de Salud de Oaxaca (SSO), tras advertir que las medidas de prevenci\u00f3n deben seguirse estrictamente para reducir a\u00fan m\u00e1s la incidencia estatal.<\/p>\n\n\n\n<p>Con la actualizaci\u00f3n al corte del inicio de este mes, los casos confirmados ascienden a 116 mil 800 positivos acumulados, de los cuales, 109 mil 493 se han recuperado y lamentablemente seis mil 003 personas han perdido la vida, desde el inicio de la pandemia, nueve m\u00e1s que el d\u00eda de ayer.<\/p>\n\n\n\n<p>La dependencia precisa que el Covid-19 mantiene una tendencia a la baja tras descender a mil 304 la cifra de personas que cursan actualmente con la enfermedad viral en etapa activa y quienes pueden contagiar a m\u00e1s personas, las cuales, son residentes de 132 municipios de la entidad.<\/p>\n\n\n\n<p>La disminuci\u00f3n de contagios se ve reflejada tambi\u00e9n en el porcentaje de ocupaci\u00f3n hospitalaria, lo que ha llevado a la red m\u00e9dica a ubicarse en 79.1% de disponibilidad de camas en general, un con total de 86 pacientes internados, dos son de nuevo ingreso.<\/p>\n\n\n\n<figure class=\"wp-block-embed is-type-rich is-provider-twitter wp-block-embed-twitter\"><div class=\"wp-block-embed__wrapper\">\n<div class=\"twitter-tweet\"><blockquote class=\"twitter-tweet\" data-lang=\"es\"><p lang=\"es\" dir=\"ltr\"><a href=\"https:\/\/twitter.com\/hashtag\/%C3%9AltimoMinuto?src=hash&amp;ref_src=twsrc%5Etfw\">#\u00daltimoMinuto<\/a><br>Los Servicios de Salud de <a href=\"https:\/\/twitter.com\/hashtag\/Oaxaca?src=hash&amp;ref_src=twsrc%5Etfw\">#Oaxaca<\/a> reportan este martes 396 casos positivos a Covid-19 as\u00ed como 9 defunciones y 1 mil 304 casos activos.<br>Suman 116 mil 800 casos confirmados y 6 mil 003 decesos.<br>Hay 5 nosocomios saturados; ocupaci\u00f3n hospitalaria al 20.9% <a href=\"https:\/\/t.co\/xuObuSFOvw\">pic.twitter.com\/xuObuSFOvw<\/a><\/p>&mdash; Zona Roja Oaxaca (@ZonaRoja_Oaxaca) <a href=\"https:\/\/twitter.com\/ZonaRoja_Oaxaca\/status\/1498852283752275977?ref_src=twsrc%5Etfw\">2 de marzo de 2022<\/a><\/blockquote><\/div>\n<\/div><\/figure>\n\n\n\n<p>En esta jornada se reportan cinco nosocomios al 100% de ocupaci\u00f3n. Por Jurisdicci\u00f3n Sanitaria Mixteca contabiliza 36.8% de saturaci\u00f3n m\u00e9dica, Valles Centrales 28.2%, Tuxtepec 28.1%, Costa 7.3%, Istmo 7%, y Sierra 0%.<\/p>\n\n\n\n<p>Respecto a la incidencia de positivos a nivel estatal, la Jurisdicci\u00f3n Sanitaria de Valles Centrales se mantiene como zona con el mayor n\u00famero de contagios reportados diariamente, a la fecha tiene un acumulado de 71 mil 264 casos, de esta cifra, 787 son activos y hay dos mil 642 decesos; Istmo con 16 mil 221 casos, 244 activos y mil 296 decesos; Tuxtepec ocho mil 760 casos, 125 activos y 604 decesos; Costa ocho mil 160 casos, 80 activos y 502 decesos; Mixteca ocho mil 627 casos, 40 activos y 617 decesos; Sierra tres mil 768 casos, 28 activos y 342 decesos.&nbsp;<\/p>\n\n\n\n<p>En cuanto a los municipios que reportaron nuevos contagios, en primer lugar, se encuentra Oaxaca de Ju\u00e1rez con 150 positivos, Santa Cruz Xoxocotl\u00e1n con 36, San Juan Bautista Tuxtepec con 15, Salina Cruz con 13, Heroica Ciudad de Huajuapan de Le\u00f3n con 11 y Santa Luc\u00eda del Camino con 10, principalmente; para un total de 81 ayuntamientos con reportes recientes.<\/p>\n\n\n\n<p>La dependencia indica que para que la curva de contagios logre descender a\u00fan m\u00e1s en la entidad, se requiere del compromiso y m\u00e1s responsabilidad de las y los oaxaque\u00f1os en atender las medidas sanitarias para contener el avance de la pandemia, y con la participaci\u00f3n de todas y todos se podr\u00e1 evitar m\u00e1s decesos.<\/p>\n\n\n\n<p>(Comunicado)<\/p>\n","protected":false},"excerpt":{"rendered":"<p>Redacci\u00f3n\/Zona Roja. Oaxaca de Ju\u00e1rez, Oax., 1 de marzo de 2022.- Oaxaca inici\u00f3 este 1&hellip;<\/p>\n","protected":false},"author":2,"featured_media":38248,"comment_status":"closed","ping_status":"open","sticky":false,"template":"","format":"standard","meta":{"_lmt_disableupdate":"","_lmt_disable":"","_jetpack_memberships_contains_paid_content":false,"footnotes":""},"categories":[109,47],"tags":[1512],"class_list":["post-38247","post","type-post","status-publish","format-standard","has-post-thumbnail","hentry","category-minuto-a-minuto","category-zona-gris","tag-coronavirus-oaxaca"],"jetpack_featured_media_url":"https:\/\/zonaroja.com.mx\/wp-content\/uploads\/2022\/03\/01-de-marzo-de-2022.-Comunicado-Tecnico-COVID-19.jpg","jetpack_sharing_enabled":true,"_links":{"self":[{"href":"https:\/\/zonaroja.com.mx\/index.php?rest_route=\/wp\/v2\/posts\/38247","targetHints":{"allow":["GET"]}}],"collection":[{"href":"https:\/\/zonaroja.com.mx\/index.php?rest_route=\/wp\/v2\/posts"}],"about":[{"href":"https:\/\/zonaroja.com.mx\/index.php?rest_route=\/wp\/v2\/types\/post"}],"author":[{"embeddable":true,"href":"https:\/\/zonaroja.com.mx\/index.php?rest_route=\/wp\/v2\/users\/2"}],"replies":[{"embeddable":true,"href":"https:\/\/zonaroja.com.mx\/index.php?rest_route=%2Fwp%2Fv2%2Fcomments&post=38247"}],"version-history":[{"count":2,"href":"https:\/\/zonaroja.com.mx\/index.php?rest_route=\/wp\/v2\/posts\/38247\/revisions"}],"predecessor-version":[{"id":38250,"href":"https:\/\/zonaroja.com.mx\/index.php?rest_route=\/wp\/v2\/posts\/38247\/revisions\/38250"}],"wp:featuredmedia":[{"embeddable":true,"href":"https:\/\/zonaroja.com.mx\/index.php?rest_route=\/wp\/v2\/media\/38248"}],"wp:attachment":[{"href":"https:\/\/zonaroja.com.mx\/index.php?rest_route=%2Fwp%2Fv2%2Fmedia&parent=38247"}],"wp:term":[{"taxonomy":"category","embeddable":true,"href":"https:\/\/zonaroja.com.mx\/index.php?rest_route=%2Fwp%2Fv2%2Fcategories&post=38247"},{"taxonomy":"post_tag","embeddable":true,"href":"https:\/\/zonaroja.com.mx\/index.php?rest_route=%2Fwp%2Fv2%2Ftags&post=38247"}],"curies":[{"name":"wp","href":"https:\/\/api.w.org\/{rel}","templated":true}]}}