{"id":38251,"date":"2022-03-01T21:53:12","date_gmt":"2022-03-02T03:53:12","guid":{"rendered":"http:\/\/www.zonaroja.com.mx\/?p=38251"},"modified":"2022-03-01T21:53:15","modified_gmt":"2022-03-02T03:53:15","slug":"diputado-del-pri-se-suma-tambien-a-condena-por-actos-vandalicos-en-el-ieepco","status":"publish","type":"post","link":"https:\/\/zonaroja.com.mx\/?p=38251","title":{"rendered":"Diputado del PRI se suma tambi\u00e9n a condena por actos vand\u00e1licos en el IEEPCO"},"content":{"rendered":"\n<p>Redacci\u00f3n\/Zona Roja.<\/p>\n\n\n\n<p>Oaxaca de Ju\u00e1rez, Oax., 1 marzo de 2002.- El diputado local por el PRI, Alejandro Avil\u00e9s \u00c1lvarez, conden\u00f3 de manera en\u00e9rgica los hechos de vandalismo contra las oficinas del Instituto Estatal Electoral y de Participaci\u00f3n Ciudadana de Oaxaca (IEEPCO), la madrugada del lunes.<\/p>\n\n\n\n<p>En entrevista, sostuvo que este tipo de hechos se trata de un atentado contra la democracia, dado el proceso electoral en marcha.<\/p>\n\n\n\n<p>\u00abEstos actos de ninguna manera son favorables; condeno de manera en\u00e9rgica estos actos contra nuestro \u00f3rgano electoral que representa la democracia en el estado\u00bb, manifest\u00f3 Avil\u00e9s \u00c1lvarez.<\/p>\n\n\n\n<p>La madrugada del lunes, sujetos desconocidos rociaron bidones de gasolina a las oficinas administrativas del IEEPCO ubicadas en Heroico Colegio Militar y prendieron fuego.<\/p>\n\n\n\n<p>Aunque solo se trat\u00f3 de da\u00f1os superficiales y materiales, Alejandro Avil\u00e9s reprob\u00f3 los hechos violentos y exhort\u00f3 a las autoridades competentes a investigar de manera pronta para dar con los responsables materiales, a fin de garantizar que no se vuelvan a repetir.<\/p>\n\n\n\n<p>Record\u00f3 que Oaxaca con la actual administraci\u00f3n se ha caracterizado por un clima de paz y gobernabilidad, por lo que este tipo de hechos no abonan en nada, indic\u00f3.<\/p>\n\n\n\n<p>En su postura como ciudadano y diputado local, hizo un llamado a las y los actores pol\u00edticos, as\u00ed como partidos a abonar a un ambiente de paz de cara a las elecciones de junio pr\u00f3ximo.<\/p>\n\n\n\n<p>A\u00f1adi\u00f3 que despu\u00e9s del 15 de marzo, podr\u00e1 emitir su postura como candidato oficial a la gubernatura, por lo que en breve dar\u00e1 a conocer la fecha de su registro ante el IEEPCO.<\/p>\n\n\n\n<p>Aunado a que tambi\u00e9n se informar\u00e1 si se consolidar\u00e1 una candidatura com\u00fan con otras fuerzas pol\u00edticas, ya que se mantiene abierto el di\u00e1logo.<\/p>\n","protected":false},"excerpt":{"rendered":"<p>Redacci\u00f3n\/Zona Roja. Oaxaca de Ju\u00e1rez, Oax., 1 marzo de 2002.- El diputado local por el&hellip;<\/p>\n","protected":false},"author":2,"featured_media":38252,"comment_status":"closed","ping_status":"open","sticky":false,"template":"","format":"standard","meta":{"_lmt_disableupdate":"","_lmt_disable":"","_jetpack_memberships_contains_paid_content":false,"footnotes":""},"categories":[109,46],"tags":[316],"class_list":["post-38251","post","type-post","status-publish","format-standard","has-post-thumbnail","hentry","category-minuto-a-minuto","category-zona-blanca","tag-alejandro-aviles-alvarez"],"jetpack_featured_media_url":"https:\/\/zonaroja.com.mx\/wp-content\/uploads\/2022\/03\/Alejandro-Aviles.jpg","jetpack_sharing_enabled":true,"_links":{"self":[{"href":"https:\/\/zonaroja.com.mx\/index.php?rest_route=\/wp\/v2\/posts\/38251","targetHints":{"allow":["GET"]}}],"collection":[{"href":"https:\/\/zonaroja.com.mx\/index.php?rest_route=\/wp\/v2\/posts"}],"about":[{"href":"https:\/\/zonaroja.com.mx\/index.php?rest_route=\/wp\/v2\/types\/post"}],"author":[{"embeddable":true,"href":"https:\/\/zonaroja.com.mx\/index.php?rest_route=\/wp\/v2\/users\/2"}],"replies":[{"embeddable":true,"href":"https:\/\/zonaroja.com.mx\/index.php?rest_route=%2Fwp%2Fv2%2Fcomments&post=38251"}],"version-history":[{"count":1,"href":"https:\/\/zonaroja.com.mx\/index.php?rest_route=\/wp\/v2\/posts\/38251\/revisions"}],"predecessor-version":[{"id":38253,"href":"https:\/\/zonaroja.com.mx\/index.php?rest_route=\/wp\/v2\/posts\/38251\/revisions\/38253"}],"wp:featuredmedia":[{"embeddable":true,"href":"https:\/\/zonaroja.com.mx\/index.php?rest_route=\/wp\/v2\/media\/38252"}],"wp:attachment":[{"href":"https:\/\/zonaroja.com.mx\/index.php?rest_route=%2Fwp%2Fv2%2Fmedia&parent=38251"}],"wp:term":[{"taxonomy":"category","embeddable":true,"href":"https:\/\/zonaroja.com.mx\/index.php?rest_route=%2Fwp%2Fv2%2Fcategories&post=38251"},{"taxonomy":"post_tag","embeddable":true,"href":"https:\/\/zonaroja.com.mx\/index.php?rest_route=%2Fwp%2Fv2%2Ftags&post=38251"}],"curies":[{"name":"wp","href":"https:\/\/api.w.org\/{rel}","templated":true}]}}