{"id":38257,"date":"2022-03-02T08:30:00","date_gmt":"2022-03-02T14:30:00","guid":{"rendered":"http:\/\/www.zonaroja.com.mx\/?p=38257"},"modified":"2022-03-01T22:20:54","modified_gmt":"2022-03-02T04:20:54","slug":"inicia-pjeo-ciclo-academico-2022-de-los-estudios-de-especializacion-judicial","status":"publish","type":"post","link":"https:\/\/zonaroja.com.mx\/?p=38257","title":{"rendered":"Inicia PJEO ciclo acad\u00e9mico 2022 de los Estudios de Especializaci\u00f3n Judicial"},"content":{"rendered":"\n<p>Redacci\u00f3n\/Zona Roja.<\/p>\n\n\n\n<p>Oaxaca de Ju\u00e1rez, Oax., 2 de marzo de 2002.- El Poder Judicial del Estado, a trav\u00e9s de la Escuela Judicial dioinicio al ciclo acad\u00e9mico 2022 de los Estudios de Especializaci\u00f3n Judicial en Derecho Civil-Mercantil, Familiar, Penal Sustantivo, Derechos Humanos y Sistema Acusatorio Penal, como parte de las actividades de profesionalizaci\u00f3n dirigidas a las y los operadores judiciales, as\u00ed como a la comunidad de abogados litigantes.<\/p>\n\n\n\n<p>Con una matr\u00edcula de 120 personas inscritas, de las cuales 61 pertenecen a la instituci\u00f3n y 59 son externas, en la modalidad en l\u00ednea los d\u00edas viernes y s\u00e1bado se imparten las clases que concluir\u00e1n en el mes de diciembre, al ser una prioridad el proceso de preparaci\u00f3n constante, que responda a las exigencias y retos de la sociedad actual y se traduzca en un servicio de calidad, \u00e9tico, profesional y con rostro humano.&nbsp;<\/p>\n\n\n\n<p>Los Estudios de Especializaci\u00f3n Judicial, se imparte de forma gratuita a servidores p\u00fablicos judiciales, abogados de la comunidad jur\u00eddica, tambi\u00e9n a secretarios de acuerdos, de estudio y cuenta, actuarios de sala, secretarios de acuerdos y actuarios de juzgados, personal administrativo adscrito en \u00e1reas administrativas y jurisdiccionales del Poder Judicial.<\/p>\n\n\n\n<p>En este sentido, la apertura que han tenido los estudios de Especializaci\u00f3n Judicial, permite a las y los abogados externos aprovechar la posibilidad de este beneficio del gremio jur\u00eddico que son parte del programa y del proyecto de formaci\u00f3n de los integrantes del Poder Judicial del Estado de Oaxaca.<\/p>\n\n\n\n<p>En la primera sesi\u00f3n de trabajo, en la especialidad Sistema Acusatorio Penal se imparti\u00f3 el m\u00f3dulo Principios, Derechos y Garant\u00edas a cargo del magistrado decano Crescencio Mart\u00ednez Geminiano; en Derecho Civil-Mercantil y Derecho Familiar se inici\u00f3 con el tema Deontolog\u00eda Jur\u00eddica, por parte del juez Adri\u00e1nQuiroga Avenda\u00f1o.&nbsp;<\/p>\n\n\n\n<p>La especialidad en Derechos Humanos abord\u00f3 Concepto y Fundamento de derechos humanos, con la maestra Ver\u00f3nica Mar\u00eda de los \u00c1ngeles Morales D\u00edaz y en Derecho Penal Sustantivo se inici\u00f3 con el m\u00f3dulo Interpretaci\u00f3n y Argumentaci\u00f3n Jur\u00eddica, por el maestro Mario Gerardo Hern\u00e1ndez Mart\u00ednez.<\/p>\n\n\n\n<p>La formaci\u00f3n judicial constituye una pol\u00edtica p\u00fablica primordial en el Poder Judicial del Estado y uno de los ejes principales en la administraci\u00f3n actual, como parte de la humanizaci\u00f3n del servicio que se brinda a la sociedad.<\/p>\n","protected":false},"excerpt":{"rendered":"<p>Redacci\u00f3n\/Zona Roja. Oaxaca de Ju\u00e1rez, Oax., 2 de marzo de 2002.- El Poder Judicial del&hellip;<\/p>\n","protected":false},"author":2,"featured_media":38258,"comment_status":"closed","ping_status":"open","sticky":false,"template":"","format":"standard","meta":{"_lmt_disableupdate":"","_lmt_disable":"","_jetpack_memberships_contains_paid_content":false,"footnotes":""},"categories":[109,46],"tags":[223],"class_list":["post-38257","post","type-post","status-publish","format-standard","has-post-thumbnail","hentry","category-minuto-a-minuto","category-zona-blanca","tag-poder-judicial-de-oaxaca"],"jetpack_featured_media_url":"https:\/\/zonaroja.com.mx\/wp-content\/uploads\/2022\/03\/A-los-estudios-se-inscribieron-120-profesionales-del-Derecho-.jpg","jetpack_sharing_enabled":true,"_links":{"self":[{"href":"https:\/\/zonaroja.com.mx\/index.php?rest_route=\/wp\/v2\/posts\/38257","targetHints":{"allow":["GET"]}}],"collection":[{"href":"https:\/\/zonaroja.com.mx\/index.php?rest_route=\/wp\/v2\/posts"}],"about":[{"href":"https:\/\/zonaroja.com.mx\/index.php?rest_route=\/wp\/v2\/types\/post"}],"author":[{"embeddable":true,"href":"https:\/\/zonaroja.com.mx\/index.php?rest_route=\/wp\/v2\/users\/2"}],"replies":[{"embeddable":true,"href":"https:\/\/zonaroja.com.mx\/index.php?rest_route=%2Fwp%2Fv2%2Fcomments&post=38257"}],"version-history":[{"count":1,"href":"https:\/\/zonaroja.com.mx\/index.php?rest_route=\/wp\/v2\/posts\/38257\/revisions"}],"predecessor-version":[{"id":38259,"href":"https:\/\/zonaroja.com.mx\/index.php?rest_route=\/wp\/v2\/posts\/38257\/revisions\/38259"}],"wp:featuredmedia":[{"embeddable":true,"href":"https:\/\/zonaroja.com.mx\/index.php?rest_route=\/wp\/v2\/media\/38258"}],"wp:attachment":[{"href":"https:\/\/zonaroja.com.mx\/index.php?rest_route=%2Fwp%2Fv2%2Fmedia&parent=38257"}],"wp:term":[{"taxonomy":"category","embeddable":true,"href":"https:\/\/zonaroja.com.mx\/index.php?rest_route=%2Fwp%2Fv2%2Fcategories&post=38257"},{"taxonomy":"post_tag","embeddable":true,"href":"https:\/\/zonaroja.com.mx\/index.php?rest_route=%2Fwp%2Fv2%2Ftags&post=38257"}],"curies":[{"name":"wp","href":"https:\/\/api.w.org\/{rel}","templated":true}]}}