{"id":38267,"date":"2022-03-02T08:37:31","date_gmt":"2022-03-02T14:37:31","guid":{"rendered":"http:\/\/www.zonaroja.com.mx\/?p=38267"},"modified":"2022-03-02T08:37:33","modified_gmt":"2022-03-02T14:37:33","slug":"opinion-la-desaparicion-de-personas-se-acelera-que-esta-pasando","status":"publish","type":"post","link":"https:\/\/zonaroja.com.mx\/?p=38267","title":{"rendered":"Opini\u00f3n. La desaparici\u00f3n de personas se acelera, \u00bfqu\u00e9 est\u00e1 pasando?"},"content":{"rendered":"\n<p>Gibr\u00e1n Ram\u00edrez Reyes.<\/p>\n\n\n\n<p>De vez en cuando, la desaparici\u00f3n vuelve a rondar las primeras planas y la conferencia matutina de prensa. No pasa ya cuando se encuentran fosas clandestinas o dep\u00f3sitos de restos de cuerpos, lo que sucede cotidianamente \u2014la semana pasada, por ejemplo, se encontr\u00f3 en un ejido de Matamoros, Coahuila, restos de 103 personas, sin que fuera tema en la conversaci\u00f3n p\u00fablica lagunera.&nbsp;<\/p>\n\n\n\n<p>Recientemente, sin embargo, se ha hablado de desaparici\u00f3n porque Pedro Carrizales Becerra, alias el Mijis, lleva desaparecido m\u00e1s de un mes (la \u00faltima vez que su familia se comunic\u00f3 con \u00e9l fue el 2 de febrero).&nbsp;<\/p>\n\n\n\n<p>Todo indica que desapareci\u00f3 en la carretera que va de Nuevo Le\u00f3n a Tamaulipas. En su declaraci\u00f3n para Pie de P\u00e1gina, una que escandalizar\u00eda en cualquier pa\u00eds que no estuviera ya anestesiado absolutamente, Lourdes Flores Huerta dice \u201cde los m\u00e1s recientes, desde 2020, que viajan de aqu\u00ed para Nuevo Laredo yo calculo que van casi trescientas personas desaparecidas. Un mundo de gente\u201d.&nbsp;<\/p>\n\n\n\n<p>El incremento de las desapariciones no parece estar localizado en esa zona. Hay una preocupant\u00edsima tendencia en estos a\u00f1os. Entre diciembre de 2018 y julio de 2021 hab\u00edan sido reportadas como desaparecidas 49 mil personas y se hall\u00f3 al 56 por ciento de ellas. El resultado fue, en dos a\u00f1os y medio de gesti\u00f3n del gobierno actual, de 21 mil personas desaparecidas y no localizadas.&nbsp;<\/p>\n\n\n\n<p>No hay datos m\u00e1s recientes en la p\u00e1gina de la Comisi\u00f3n Nacional de B\u00fasqueda de la Secretar\u00eda de Gobernaci\u00f3n. En s\u00f3lo 19 meses se tuvo el mismo n\u00famero de desaparecidos que en el sexenio 2006-2012 y cinco mil menos que en el 2012-2018. Si dicha tendencia, la \u00faltima reportada, siguiera as\u00ed, tendr\u00edamos, a la mitad del sexenio, m\u00e1s desaparecidos que en cada uno de los dos sexenios previos y, al final, m\u00e1s del doble.&nbsp;<\/p>\n\n\n\n<p>Para ponerlo en perspectiva, se trata de que cada mes desaparecen en M\u00e9xico m\u00e1s de mil cien personas, el doble de lo que el Estado mexicano reconoce en la represi\u00f3n contrainsurgente mejor conocida como Guerra Sucia y un n\u00famero similar al que organizaciones de familiares de desaparecidos como Afadem estiman para los mismos decenios.&nbsp;<\/p>\n\n\n\n<p>Cada mes, una guerra sucia. No hay explicaci\u00f3n alguna para este crecimiento. \u00bfPor qu\u00e9 las desapariciones incrementar\u00edan en esa proporci\u00f3n sin que lo hicieran tambi\u00e9n los homicidios dolosos?, \u00bfpor qu\u00e9 no es eso una noticia igualmente grave que una hipot\u00e9tica duplicaci\u00f3n de los homicidios?&nbsp;<\/p>\n\n\n\n<p>El escenario era ya de por s\u00ed complicado. Seg\u00fan el Registro nacional de personas desaparecidas y no localizadas, entre 1964 y 2005 desaparecieron mil 633 personas; entre 2006 y 2021, m\u00e1s de 87 mil. Si buscamos referentes regionales, quiz\u00e1 se nos presenten algunos hist\u00f3ricos en Sudam\u00e9rica: en la dictadura argentina el n\u00famero se debate entre ocho y treinta mil personas desaparecidas, y en la dictadura chilena de Pinochet el n\u00famero reconocido es mucho menor.&nbsp;<\/p>\n\n\n\n<p>Hoy no vivimos una dictadura, est\u00e1 claro. En los a\u00f1os 70, por otro lado, nadie tendr\u00eda duda de que el presidente ocupaba la c\u00faspide de un sistema que le permit\u00eda control pol\u00edtico sobre buena parte de la violencia y la muerte en el pa\u00eds. Por eso la justicia reclama a Echeverr\u00eda cuando se habla de Guerra Sucia \u00bfPero es m\u00e1s democr\u00e1tico un pa\u00eds donde desaparecen cada mes m\u00e1s de mil personas? Hay un desarreglo institucional que lo permite, \u00bfc\u00f3mo se le llama, qui\u00e9n es el responsable, a qui\u00e9n, adem\u00e1s de Felipe Calder\u00f3n, se reclama en este caso? &nbsp;<\/p>\n\n\n\n<p>*Doctor en ciencia pol\u00edtica por la UNAM<\/p>\n\n\n\n<p>@gibranrr&nbsp;<\/p>\n","protected":false},"excerpt":{"rendered":"<p>Gibr\u00e1n Ram\u00edrez Reyes. De vez en cuando, la desaparici\u00f3n vuelve a rondar las primeras planas&hellip;<\/p>\n","protected":false},"author":2,"featured_media":24099,"comment_status":"closed","ping_status":"open","sticky":false,"template":"","format":"standard","meta":{"_lmt_disableupdate":"","_lmt_disable":"","_jetpack_memberships_contains_paid_content":false,"footnotes":""},"categories":[456,109],"tags":[2489],"class_list":["post-38267","post","type-post","status-publish","format-standard","has-post-thumbnail","hentry","category-columna","category-minuto-a-minuto","tag-gibran-ramirez-reyes"],"jetpack_featured_media_url":"https:\/\/zonaroja.com.mx\/wp-content\/uploads\/2021\/02\/Gibran-Ramirez-Reyes.jpg","jetpack_sharing_enabled":true,"_links":{"self":[{"href":"https:\/\/zonaroja.com.mx\/index.php?rest_route=\/wp\/v2\/posts\/38267","targetHints":{"allow":["GET"]}}],"collection":[{"href":"https:\/\/zonaroja.com.mx\/index.php?rest_route=\/wp\/v2\/posts"}],"about":[{"href":"https:\/\/zonaroja.com.mx\/index.php?rest_route=\/wp\/v2\/types\/post"}],"author":[{"embeddable":true,"href":"https:\/\/zonaroja.com.mx\/index.php?rest_route=\/wp\/v2\/users\/2"}],"replies":[{"embeddable":true,"href":"https:\/\/zonaroja.com.mx\/index.php?rest_route=%2Fwp%2Fv2%2Fcomments&post=38267"}],"version-history":[{"count":1,"href":"https:\/\/zonaroja.com.mx\/index.php?rest_route=\/wp\/v2\/posts\/38267\/revisions"}],"predecessor-version":[{"id":38268,"href":"https:\/\/zonaroja.com.mx\/index.php?rest_route=\/wp\/v2\/posts\/38267\/revisions\/38268"}],"wp:featuredmedia":[{"embeddable":true,"href":"https:\/\/zonaroja.com.mx\/index.php?rest_route=\/wp\/v2\/media\/24099"}],"wp:attachment":[{"href":"https:\/\/zonaroja.com.mx\/index.php?rest_route=%2Fwp%2Fv2%2Fmedia&parent=38267"}],"wp:term":[{"taxonomy":"category","embeddable":true,"href":"https:\/\/zonaroja.com.mx\/index.php?rest_route=%2Fwp%2Fv2%2Fcategories&post=38267"},{"taxonomy":"post_tag","embeddable":true,"href":"https:\/\/zonaroja.com.mx\/index.php?rest_route=%2Fwp%2Fv2%2Ftags&post=38267"}],"curies":[{"name":"wp","href":"https:\/\/api.w.org\/{rel}","templated":true}]}}