{"id":38273,"date":"2022-03-02T13:03:39","date_gmt":"2022-03-02T19:03:39","guid":{"rendered":"https:\/\/www.zonaroja.com.mx\/?p=38273"},"modified":"2022-03-02T15:44:50","modified_gmt":"2022-03-02T21:44:50","slug":"denuncian-fraude-de-empresario-de-motos-y-constructor-en-oaxaca-fgeo-no-actua","status":"publish","type":"post","link":"https:\/\/zonaroja.com.mx\/?p=38273","title":{"rendered":"Denuncian fraude de empresario de motos y constructor en Oaxaca; FGEO no act\u00faa"},"content":{"rendered":"\n<p>Yuridiana Sosa\/Zona Roja.<\/p>\n\n\n\n<p>Oaxaca de Ju\u00e1rez, Oax., 02 de marzo de 2022.- Por los delitos de fraude y amenazas, el empresario Miguel \u00c1ngel Luj\u00e1n Corro fue denunciado por la compra de motocicletas de la marca Suzuki y renta de equipo de construcci\u00f3n, sin que la Fiscal\u00eda General de Oaxaca ofrezca justicia, a m\u00e1s de cinco y cuatro a\u00f1o de los hechos.&nbsp;<\/p>\n\n\n\n<p>El fraude est\u00e1 asentado en la carpeta de investigaci\u00f3n n\u00famero 11499\/FVCE\/OAXACA\/2021, en la Fiscal\u00eda de Oaxaca y ante la Procuradur\u00eda Federal del Consumidor (Profeco), en los expedientes PFC.OAX.B.3\/000686-2018 y PFF.OAXB.3\/000\/276-2018.<\/p>\n\n\n\n<p>Sin embargo, por parte de la Fiscal\u00eda de Oaxaca hasta febrero de este a\u00f1o el caso a\u00fan prevalece en periodo de investigaci\u00f3n ante las presuntas influencias del empresario para que el proceso permanezca detenido.<\/p>\n\n\n\n<p>Con pruebas documentadas, el afectado \u2013qui\u00e9n prefiere la reserva de su nombre- recurri\u00f3 a la denuncia p\u00fablica para alertar a los ciudadanos del fraude, as\u00ed como para evidenciar de los posibles tr\u00e1ficos de influencias que se presentan por estos casos que pueden ser el \u201cmodus operandi\u201d del empresario.<\/p>\n\n\n\n<p>FRAUDE EN DISTRIBUIDORA DE SUZUKI&nbsp;<\/p>\n\n\n\n<p>En 2017 Miguel \u00c1ngel Luj\u00e1n Corro, administrador \u00fanico la empresa Atrum Motors de M\u00e9xico S.A. de C.V., distribuidora de motos de la marca Suzuki, ubicada avenida S\u00edmbolos Patrios, en la capital oaxaque\u00f1a, vendi\u00f3 tres motocicletas de las que nunca emiti\u00f3 facturas originales ni los pagar\u00e9s.<\/p>\n\n\n\n<p>La v\u00edctima detall\u00f3 que tras 12 pagos para liquidar el cr\u00e9dito, el empresario no otorg\u00f3 las facturas de la compra, y durante varios a\u00f1os se ha negado a devolverlos a pesar de las supuestas intervenciones de la Fiscal\u00eda de Oaxaca y la Profeco.<\/p>\n\n\n\n<p>Miguel \u00c1ngel Luj\u00e1n, tambi\u00e9n ha estafado por medio de su empresa denominada Diazoma&nbsp;Avanzada.&nbsp;S.A.&nbsp;de.&nbsp;C.V., dedicada a la renta de maquinaria pesada, la cual tambi\u00e9n opera con enga\u00f1os, abusos y fraude, al pedir como garant\u00eda alg\u00fan bien mueble o inmueble, se\u00f1al\u00f3 el afectado.&nbsp;<\/p>\n\n\n\n<p>La v\u00edctima relat\u00f3 que ante la necesidad del servicio, en 2018 firm\u00f3 un contrato por la renta de un equipo por 28 d\u00edas, para el cual Luj\u00e1n Corro pidi\u00f3 en garant\u00eda un autom\u00f3vil, entregando de buena fe para cumplir con los requisitos, la factura original y llaves de un veh\u00edculo Mercedes Benz Sport, modelo 2013.<\/p>\n\n\n\n<p>Pero, adem\u00e1s, el arrendatario tambi\u00e9n pidi\u00f3 un terreno o casa junto con las escrituras y una carta de donaci\u00f3n del bien, los cuales fueron devueltos al concluir el contrato, pero no as\u00ed, la devoluci\u00f3n de la factura y llaves del veh\u00edculo.<\/p>\n\n\n\n<p>El afectado apunt\u00f3 que logr\u00f3 la recuperaci\u00f3n de su unidad por medio de un duplicado original de llaves, pero sin la documentaci\u00f3n pertinente, pero \u00e9sta fue \u201crobada\u201d nuevamente por Miguel \u00c1ngel Lujan de acuerdo a videos de c\u00e1maras de seguridad de un restaurante donde ocurri\u00f3 el hecho. &nbsp;<\/p>\n\n\n\n<p>Por esta situaci\u00f3n, el afectado y su madre tambi\u00e9n han sido v\u00edctimas de amenazas, insultos y amedrentados por el se\u00f1alamiento y la denuncia realizada.<\/p>\n","protected":false},"excerpt":{"rendered":"<p>Yuridiana Sosa\/Zona Roja. Oaxaca de Ju\u00e1rez, Oax., 02 de marzo de 2022.- Por los delitos&hellip;<\/p>\n","protected":false},"author":2,"featured_media":38276,"comment_status":"closed","ping_status":"open","sticky":false,"template":"","format":"standard","meta":{"_lmt_disableupdate":"","_lmt_disable":"","_jetpack_memberships_contains_paid_content":false,"footnotes":""},"categories":[109,47],"tags":[],"class_list":["post-38273","post","type-post","status-publish","format-standard","has-post-thumbnail","hentry","category-minuto-a-minuto","category-zona-gris"],"jetpack_featured_media_url":"https:\/\/zonaroja.com.mx\/wp-content\/uploads\/2022\/03\/Caso-empresa-motos-Oaxaca.jpg","jetpack_sharing_enabled":true,"_links":{"self":[{"href":"https:\/\/zonaroja.com.mx\/index.php?rest_route=\/wp\/v2\/posts\/38273","targetHints":{"allow":["GET"]}}],"collection":[{"href":"https:\/\/zonaroja.com.mx\/index.php?rest_route=\/wp\/v2\/posts"}],"about":[{"href":"https:\/\/zonaroja.com.mx\/index.php?rest_route=\/wp\/v2\/types\/post"}],"author":[{"embeddable":true,"href":"https:\/\/zonaroja.com.mx\/index.php?rest_route=\/wp\/v2\/users\/2"}],"replies":[{"embeddable":true,"href":"https:\/\/zonaroja.com.mx\/index.php?rest_route=%2Fwp%2Fv2%2Fcomments&post=38273"}],"version-history":[{"count":1,"href":"https:\/\/zonaroja.com.mx\/index.php?rest_route=\/wp\/v2\/posts\/38273\/revisions"}],"predecessor-version":[{"id":38274,"href":"https:\/\/zonaroja.com.mx\/index.php?rest_route=\/wp\/v2\/posts\/38273\/revisions\/38274"}],"wp:featuredmedia":[{"embeddable":true,"href":"https:\/\/zonaroja.com.mx\/index.php?rest_route=\/wp\/v2\/media\/38276"}],"wp:attachment":[{"href":"https:\/\/zonaroja.com.mx\/index.php?rest_route=%2Fwp%2Fv2%2Fmedia&parent=38273"}],"wp:term":[{"taxonomy":"category","embeddable":true,"href":"https:\/\/zonaroja.com.mx\/index.php?rest_route=%2Fwp%2Fv2%2Fcategories&post=38273"},{"taxonomy":"post_tag","embeddable":true,"href":"https:\/\/zonaroja.com.mx\/index.php?rest_route=%2Fwp%2Fv2%2Ftags&post=38273"}],"curies":[{"name":"wp","href":"https:\/\/api.w.org\/{rel}","templated":true}]}}