{"id":38277,"date":"2022-03-02T15:51:37","date_gmt":"2022-03-02T21:51:37","guid":{"rendered":"http:\/\/www.zonaroja.com.mx\/?p=38277"},"modified":"2022-03-02T15:51:38","modified_gmt":"2022-03-02T21:51:38","slug":"semarnat-si-traiciono-si-engano-al-pueblo-al-otorgar-permisos-a-minerias","status":"publish","type":"post","link":"https:\/\/zonaroja.com.mx\/?p=38277","title":{"rendered":"\u201cSemarnat s\u00ed traicion\u00f3, s\u00ed enga\u00f1\u00f3 al pueblo\u201d, al otorgar permisos a miner\u00edas"},"content":{"rendered":"\n<p>Yuridiana Sosa\/Zona Roja.<\/p>\n\n\n\n<p>Oaxaca de Ju\u00e1rez, Oax., 2 de marzo de 2022.- Comunidades originarias de los Valles Centrales denunciaron que la Secretar\u00eda del Medio Ambiente y Recursos Naturales (Semarnat) otorg\u00f3 un nuevo permiso de explotaci\u00f3n por 10 a\u00f1os a la empresa minera Fortuna Silver Mines Inc., en medio de un proceso de consulta y di\u00e1logo con los pueblos.<\/p>\n\n\n\n<p>\u201cSemarnat s\u00ed robo, s\u00ed traicion\u00f3 y enga\u00f1\u00f3 a los pueblos y comunidades que se oponen al proyecto minero\u201d, se\u00f1al\u00f3 el Frente No a la Miner\u00eda por un Futuro de Todas y Todos, cuyos integrantes \u201ctomaron\u201d este mi\u00e9rcoles las oficinas de la dependencia en Oaxaca, para condenar la decisi\u00f3n y exigir al Gobierno de M\u00e9xico echar abajo el permiso.<\/p>\n\n\n\n<p>Autoridades municipales y agrarias de 12 comunidades que integran el Frente se\u00f1alaron que manten\u00edan ante la Semarnat un proceso de di\u00e1logo y audiencias en las poblaciones afectadas con el proyecto minero, que lleg\u00f3 desde el 2009 y con eso dar puntual justificaci\u00f3n al rechazo de la continuidad de la explotaci\u00f3n de la tierra.<\/p>\n\n\n\n<figure class=\"wp-block-embed is-type-rich is-provider-twitter wp-block-embed-twitter\"><div class=\"wp-block-embed__wrapper\">\n<div class=\"twitter-tweet\"><blockquote class=\"twitter-tweet\" data-lang=\"es\"><p lang=\"es\" dir=\"ltr\"><a href=\"https:\/\/twitter.com\/hashtag\/ENVIVO?src=hash&amp;ref_src=twsrc%5Etfw\">#ENVIVO<\/a><br>Oaxaca de Ju\u00e1rez, Oax., 2 de marzo de 2022.- Conferencia de prensa de comunidades en contra de la miner\u00eda, en la sede de la <a href=\"https:\/\/twitter.com\/SEMARNAT_mx?ref_src=twsrc%5Etfw\">@SEMARNAT_mx<\/a> de la ciudad de <a href=\"https:\/\/twitter.com\/hashtag\/Oaxaca?src=hash&amp;ref_src=twsrc%5Etfw\">#Oaxaca<\/a>.<br>Aqu\u00ed la transmisi\u00f3n:<br>\ud83d\udc47<a href=\"https:\/\/t.co\/cK3xtLJiNC\">https:\/\/t.co\/cK3xtLJiNC<\/a><\/p>&mdash; Zona Roja Oaxaca (@ZonaRoja_Oaxaca) <a href=\"https:\/\/twitter.com\/ZonaRoja_Oaxaca\/status\/1499069297112530945?ref_src=twsrc%5Etfw\">2 de marzo de 2022<\/a><\/blockquote><\/div>\n<\/div><\/figure>\n\n\n\n<p>La promesa de la autoridad federal era escuchar a los habitantes antes de tomar una decisi\u00f3n, pero desde el 14 de diciembre otorg\u00f3 la nueva concesi\u00f3n a Fortuna Silver Mines Inc, misma que a pesar de las constantes solicitudes de informaci\u00f3n por la sospecha de este permiso la dependencia neg\u00f3 y mantuvo el supuesto proceso de consulta.<\/p>\n\n\n\n<p>Sin embargo, en recientes d\u00edas integrantes del Frente constataron el enga\u00f1o de Semarnat por medio de una consulta en la p\u00e1gina oficial de la dependencia, donde ya se publicaba la concesi\u00f3n para trabajar del 2021 hasta el 2031.<\/p>\n\n\n\n<p>El Frente asever\u00f3 que esta acci\u00f3n de la Semanart es una clara violaci\u00f3n a los derechos humanos de decisi\u00f3n de las comunidades, donde desde hace m\u00e1s de una d\u00e9cada han sufrido el impacto negativo de su medio ambiente, adem\u00e1s de agresiones y violencia por la defensa del territorio.<\/p>\n\n\n\n<p>&nbsp;\u201cEs una traici\u00f3n para el Frente, para los habitantes de los Valles Centrales\u2026 No es desarrollo, es despojo\u201d, sentenciaron los habitantes, quienes adem\u00e1s responsabilizan de cualquier acto en contra de ellos al gobierno federal por permitir la injerencia de estas empresas.&nbsp;<\/p>\n","protected":false},"excerpt":{"rendered":"<p>Yuridiana Sosa\/Zona Roja. Oaxaca de Ju\u00e1rez, Oax., 2 de marzo de 2022.- Comunidades originarias de&hellip;<\/p>\n","protected":false},"author":2,"featured_media":38278,"comment_status":"closed","ping_status":"open","sticky":false,"template":"","format":"standard","meta":{"_lmt_disableupdate":"","_lmt_disable":"","_jetpack_memberships_contains_paid_content":false,"footnotes":""},"categories":[109,47],"tags":[2326],"class_list":["post-38277","post","type-post","status-publish","format-standard","has-post-thumbnail","hentry","category-minuto-a-minuto","category-zona-gris","tag-compania-minera-cuzcatlan"],"jetpack_featured_media_url":"https:\/\/zonaroja.com.mx\/wp-content\/uploads\/2022\/03\/Protesta-contra-mineras-Semarnat.jpg","jetpack_sharing_enabled":true,"_links":{"self":[{"href":"https:\/\/zonaroja.com.mx\/index.php?rest_route=\/wp\/v2\/posts\/38277","targetHints":{"allow":["GET"]}}],"collection":[{"href":"https:\/\/zonaroja.com.mx\/index.php?rest_route=\/wp\/v2\/posts"}],"about":[{"href":"https:\/\/zonaroja.com.mx\/index.php?rest_route=\/wp\/v2\/types\/post"}],"author":[{"embeddable":true,"href":"https:\/\/zonaroja.com.mx\/index.php?rest_route=\/wp\/v2\/users\/2"}],"replies":[{"embeddable":true,"href":"https:\/\/zonaroja.com.mx\/index.php?rest_route=%2Fwp%2Fv2%2Fcomments&post=38277"}],"version-history":[{"count":1,"href":"https:\/\/zonaroja.com.mx\/index.php?rest_route=\/wp\/v2\/posts\/38277\/revisions"}],"predecessor-version":[{"id":38279,"href":"https:\/\/zonaroja.com.mx\/index.php?rest_route=\/wp\/v2\/posts\/38277\/revisions\/38279"}],"wp:featuredmedia":[{"embeddable":true,"href":"https:\/\/zonaroja.com.mx\/index.php?rest_route=\/wp\/v2\/media\/38278"}],"wp:attachment":[{"href":"https:\/\/zonaroja.com.mx\/index.php?rest_route=%2Fwp%2Fv2%2Fmedia&parent=38277"}],"wp:term":[{"taxonomy":"category","embeddable":true,"href":"https:\/\/zonaroja.com.mx\/index.php?rest_route=%2Fwp%2Fv2%2Fcategories&post=38277"},{"taxonomy":"post_tag","embeddable":true,"href":"https:\/\/zonaroja.com.mx\/index.php?rest_route=%2Fwp%2Fv2%2Ftags&post=38277"}],"curies":[{"name":"wp","href":"https:\/\/api.w.org\/{rel}","templated":true}]}}