{"id":3828,"date":"2019-09-10T08:57:00","date_gmt":"2019-09-10T13:57:00","guid":{"rendered":"http:\/\/www.zonaroja.com.mx\/?p=3828"},"modified":"2019-09-10T08:57:02","modified_gmt":"2019-09-10T13:57:02","slug":"promueven-vive-mezcal-apuesta-por-potenciar-esa-industria-en-oaxaca","status":"publish","type":"post","link":"https:\/\/zonaroja.com.mx\/?p=3828","title":{"rendered":"Promueven \u00abVive Mezcal\u00bb, apuesta por potenciar esa industria en Oaxaca"},"content":{"rendered":"\n<p>Evlin\nArag\u00f3n\/Zona Roja.<\/p>\n\n\n\n<p>Oaxaca de\nJu\u00e1rez, Oax., 10 de septiembre de 2019.- El pr\u00f3ximo jueves, Oaxaca ser\u00e1 sede\ndel primer foro mundial de innovaci\u00f3n, negocios, cultura y tradici\u00f3n denominado\n\u00abVive Mezcal\u00bb, el cual surge para potenciar la industria en la\nentidad y lograr que trascienda a nivel internacional. <\/p>\n\n\n\n<p>De acuerdo\ncon la Secretar\u00eda de Econom\u00eda, el foro se ha dise\u00f1o para darle el lugar\nprotag\u00f3nico que tiene la bebida en la entidad, as\u00ed como a las personas que se\ndedican a su producci\u00f3n artesanal, la cual va pasando de generaci\u00f3n en\ngeneraci\u00f3n. <\/p>\n\n\n\n<p>Vive mezcal\nlo hemos dise\u00f1ado porque queremos a nuestro estado, a esta bebida ancestral y\nartesanal, as\u00ed como a las maestras y maestros mezcaleros que todos los d\u00edas\nponen su empe\u00f1o y trabajo para rescatar estas tradiciones traen nuestras que se\ntransmiten de generaci\u00f3n en generaci\u00f3n\u201d, expuso.<\/p>\n\n\n\n<p>As\u00ed mismo,\nexplic\u00f3 que Oaxaca cuenta con la mayor diversidad en cuanto al cultivo y\nproducci\u00f3n de agave, convirti\u00e9ndose en el principal productor de mezcal a nivel\nnacional con el 92.3 por ciento de la producci\u00f3n total, actividad que ya es un\nmotor de desarrollo econ\u00f3mico. <\/p>\n\n\n\n<p>El encuentro\nest\u00e1 programado del 12 al 14 de septiembre en el Centro Cultural y de Convenciones\nde Oaxaca y contar\u00e1 con la presencia de 40 expositores, 150 productores de\nmezcal, as\u00ed como una proyecci\u00f3n de mil 500 encuentros de negocios durante los\ntres d\u00edas de actividades.<\/p>\n\n\n\n<p>Algunas de\nlas marcas que han confirmado su participaci\u00f3n son: \u201cRey Zapoteco\u201d, \u201cLiberal\u201d, \u201cNuestra\nSoledad\u201d, \u201cPaar Lhii\u201d, \u201cPerla del R\u00edo\u201d, \u201cQui\u00e9reme Mucho\u201d, \u201c8 V\u00edboras\u201d, \u201cAgave\nde Cort\u00e9s\u201d, \u201cCasa Parada\u201d, \u201cCaye Chenu\u201d, \u201cC\u00f3mplice\u201d, \u201cEl Jolgorio\u201d, \u201cEspina\nDorada\u201d, \u201cJoya\u201d, \u201cSaca Palabras\u201d, entre otros. <\/p>\n\n\n\n<p>De acuerdo\ncon los organizadores, se espera la presencia de 12 mil personas que podr\u00e1n\nparticipar de los talleres, conferencias, reuniones de negocios, actividades\nart\u00edsticas y culturales que conforman el programa de actividades de este primer\nforo mundial cuyo protagonista es el mezcal oaxaque\u00f1o.<\/p>\n","protected":false},"excerpt":{"rendered":"<p>Evlin Arag\u00f3n\/Zona Roja. Oaxaca de Ju\u00e1rez, Oax., 10 de septiembre de 2019.- El pr\u00f3ximo jueves,&hellip;<\/p>\n","protected":false},"author":2,"featured_media":3829,"comment_status":"closed","ping_status":"open","sticky":false,"template":"","format":"standard","meta":{"_lmt_disableupdate":"","_lmt_disable":"","_jetpack_memberships_contains_paid_content":false,"footnotes":""},"categories":[109,46],"tags":[688],"class_list":["post-3828","post","type-post","status-publish","format-standard","has-post-thumbnail","hentry","category-minuto-a-minuto","category-zona-blanca","tag-vive-mezcal"],"jetpack_featured_media_url":"https:\/\/zonaroja.com.mx\/wp-content\/uploads\/2019\/09\/maguey.jpg","jetpack_sharing_enabled":true,"_links":{"self":[{"href":"https:\/\/zonaroja.com.mx\/index.php?rest_route=\/wp\/v2\/posts\/3828","targetHints":{"allow":["GET"]}}],"collection":[{"href":"https:\/\/zonaroja.com.mx\/index.php?rest_route=\/wp\/v2\/posts"}],"about":[{"href":"https:\/\/zonaroja.com.mx\/index.php?rest_route=\/wp\/v2\/types\/post"}],"author":[{"embeddable":true,"href":"https:\/\/zonaroja.com.mx\/index.php?rest_route=\/wp\/v2\/users\/2"}],"replies":[{"embeddable":true,"href":"https:\/\/zonaroja.com.mx\/index.php?rest_route=%2Fwp%2Fv2%2Fcomments&post=3828"}],"version-history":[{"count":1,"href":"https:\/\/zonaroja.com.mx\/index.php?rest_route=\/wp\/v2\/posts\/3828\/revisions"}],"predecessor-version":[{"id":3830,"href":"https:\/\/zonaroja.com.mx\/index.php?rest_route=\/wp\/v2\/posts\/3828\/revisions\/3830"}],"wp:featuredmedia":[{"embeddable":true,"href":"https:\/\/zonaroja.com.mx\/index.php?rest_route=\/wp\/v2\/media\/3829"}],"wp:attachment":[{"href":"https:\/\/zonaroja.com.mx\/index.php?rest_route=%2Fwp%2Fv2%2Fmedia&parent=3828"}],"wp:term":[{"taxonomy":"category","embeddable":true,"href":"https:\/\/zonaroja.com.mx\/index.php?rest_route=%2Fwp%2Fv2%2Fcategories&post=3828"},{"taxonomy":"post_tag","embeddable":true,"href":"https:\/\/zonaroja.com.mx\/index.php?rest_route=%2Fwp%2Fv2%2Ftags&post=3828"}],"curies":[{"name":"wp","href":"https:\/\/api.w.org\/{rel}","templated":true}]}}