{"id":38280,"date":"2022-03-02T15:55:59","date_gmt":"2022-03-02T21:55:59","guid":{"rendered":"http:\/\/www.zonaroja.com.mx\/?p=38280"},"modified":"2022-03-02T18:45:01","modified_gmt":"2022-03-03T00:45:01","slug":"piden-diputados-a-gobernador-evite-su-intromision-en-elecciones-de-la-uabjo","status":"publish","type":"post","link":"https:\/\/zonaroja.com.mx\/?p=38280","title":{"rendered":"Piden diputados a gobernador evite su intromisi\u00f3n en elecciones de la UABJO"},"content":{"rendered":"\n<p>Yuridiana Sosa\/Zona Roja.<\/p>\n\n\n\n<p>Oaxaca de Ju\u00e1rez, Oax., 2 de marzo de 2022.- La 65 Legislatura del Congreso de Oaxaca aprob\u00f3 un exhorto, de urgente y obvio resoluci\u00f3n, dirigido al gobernador Alejandro Murat para que evite, junto con su gabinete, entrometerse en el proceso de relevo de la rector\u00eda de Universidad Aut\u00f3noma Benito Ju\u00e1rez de Oaxaca (UABJO).<\/p>\n\n\n\n<p>El planteamiento de los diputados de Morena y el Partido del Trabajo fue aprobado con 26 votos en sesi\u00f3n extraordinaria de este martes, en el que se evidenciaron diversas coincidencias sobre la injerencia del Ejecutivo en la autonom\u00eda de la m\u00e1xima casa de estudios.<\/p>\n\n\n\n<p>En su intervenci\u00f3n, el diputado Cesar Mateos Ben\u00edtez, de Morena, se\u00f1al\u00f3 las diversas denuncias por parte de acad\u00e9micos, directivos de escuelas e instituciones, l\u00edderes sindicales, entre otros integrantes de la UABJO, sobre las amenazas y hostigamiento que han recibido por parte del Gobierno de Oaxaca para que acepten al candidato impuesto.<\/p>\n\n\n\n<figure class=\"wp-block-embed is-type-rich is-provider-twitter wp-block-embed-twitter\"><div class=\"wp-block-embed__wrapper\">\n<div class=\"twitter-tweet\"><blockquote class=\"twitter-tweet\" data-lang=\"es\"><p lang=\"es\" dir=\"ltr\">Con el rechazo del PRI, el <a href=\"https:\/\/twitter.com\/CongresoOaxaca_?ref_src=twsrc%5Etfw\">@CongresoOaxaca_<\/a> aprob\u00f3 ayer un Punto de Acuerdo presentado por el diputado por Morena, <a href=\"https:\/\/twitter.com\/cesarmateos_oax?ref_src=twsrc%5Etfw\">@cesarmateos_oax<\/a>, para exigir al Gobierno del Estado cese la intromisi\u00f3n en la vida interna y electoral de la UABJO. <a href=\"https:\/\/t.co\/Q4tRGHrk84\">pic.twitter.com\/Q4tRGHrk84<\/a><\/p>&mdash; Zona Roja Oaxaca (@ZonaRoja_Oaxaca) <a href=\"https:\/\/twitter.com\/ZonaRoja_Oaxaca\/status\/1499163581375524866?ref_src=twsrc%5Etfw\">2 de marzo de 2022<\/a><\/blockquote><\/div>\n<\/div><\/figure>\n\n\n\n<p>Mateos Ben\u00edtez expuso que en las \u00faltimas semanas se ha actuado para imponer como pr\u00f3ximo rector a H\u00e9ctor Anuar Mafud Mafud, pol\u00edtico del Partido Revolucionario Institucional (PRI) y ex titular de la Secretar\u00eda General de Gobierno, de la actual administraci\u00f3n.<\/p>\n\n\n\n<p>Sin embargo, la Ley Org\u00e1nica de la Universidad estipula como requisito para encabezar la rector\u00eda, el o la interesada debi\u00f3 desempe\u00f1arse como docente o investigador un m\u00ednimo de cinco a\u00f1os consecutivos, de manera inmediata a la elecci\u00f3n y tener menos de 70 a\u00f1os.<\/p>\n\n\n\n<p>Pero, Mafud Mafud no ha cumplido con esos requerimientos y cuenta con 77 a\u00f1os de edad, puntualiz\u00f3 el diputado.<\/p>\n\n\n\n<p>Por ello, el Congreso de Oaxaca llam\u00f3 al gobernador para que ni \u00e9l ni integrantes del gabinete sigan metiendo las manos en la autonom\u00eda de la UABJO.<\/p>\n\n\n\n<p>La elecci\u00f3n para la renovaci\u00f3n de la rector\u00eda est\u00e1 prevista para el 13 de mayo de este a\u00f1o, luego de casi dos a\u00f1os de retraso en este proceso por razones de la contingencia sanitaria, pues el relevo debi\u00f3 realizarse en 2020.<\/p>\n","protected":false},"excerpt":{"rendered":"<p>Yuridiana Sosa\/Zona Roja. Oaxaca de Ju\u00e1rez, Oax., 2 de marzo de 2022.- La 65 Legislatura&hellip;<\/p>\n","protected":false},"author":2,"featured_media":38281,"comment_status":"closed","ping_status":"open","sticky":false,"template":"","format":"standard","meta":{"_lmt_disableupdate":"","_lmt_disable":"","_jetpack_memberships_contains_paid_content":false,"footnotes":""},"categories":[109,46],"tags":[2743],"class_list":["post-38280","post","type-post","status-publish","format-standard","has-post-thumbnail","hentry","category-minuto-a-minuto","category-zona-blanca","tag-65-legislatura-del-estado-de-oaxaca"],"jetpack_featured_media_url":"https:\/\/zonaroja.com.mx\/wp-content\/uploads\/2022\/03\/Foto-1-Exhorta-Congreso-a-gobernador-evite-su-intromision-en-elecciones-de-la-UABJO.jpeg","jetpack_sharing_enabled":true,"_links":{"self":[{"href":"https:\/\/zonaroja.com.mx\/index.php?rest_route=\/wp\/v2\/posts\/38280","targetHints":{"allow":["GET"]}}],"collection":[{"href":"https:\/\/zonaroja.com.mx\/index.php?rest_route=\/wp\/v2\/posts"}],"about":[{"href":"https:\/\/zonaroja.com.mx\/index.php?rest_route=\/wp\/v2\/types\/post"}],"author":[{"embeddable":true,"href":"https:\/\/zonaroja.com.mx\/index.php?rest_route=\/wp\/v2\/users\/2"}],"replies":[{"embeddable":true,"href":"https:\/\/zonaroja.com.mx\/index.php?rest_route=%2Fwp%2Fv2%2Fcomments&post=38280"}],"version-history":[{"count":2,"href":"https:\/\/zonaroja.com.mx\/index.php?rest_route=\/wp\/v2\/posts\/38280\/revisions"}],"predecessor-version":[{"id":38284,"href":"https:\/\/zonaroja.com.mx\/index.php?rest_route=\/wp\/v2\/posts\/38280\/revisions\/38284"}],"wp:featuredmedia":[{"embeddable":true,"href":"https:\/\/zonaroja.com.mx\/index.php?rest_route=\/wp\/v2\/media\/38281"}],"wp:attachment":[{"href":"https:\/\/zonaroja.com.mx\/index.php?rest_route=%2Fwp%2Fv2%2Fmedia&parent=38280"}],"wp:term":[{"taxonomy":"category","embeddable":true,"href":"https:\/\/zonaroja.com.mx\/index.php?rest_route=%2Fwp%2Fv2%2Fcategories&post=38280"},{"taxonomy":"post_tag","embeddable":true,"href":"https:\/\/zonaroja.com.mx\/index.php?rest_route=%2Fwp%2Fv2%2Ftags&post=38280"}],"curies":[{"name":"wp","href":"https:\/\/api.w.org\/{rel}","templated":true}]}}