{"id":38286,"date":"2022-03-02T19:10:23","date_gmt":"2022-03-03T01:10:23","guid":{"rendered":"http:\/\/www.zonaroja.com.mx\/?p=38286"},"modified":"2022-03-02T19:10:25","modified_gmt":"2022-03-03T01:10:25","slug":"confirman-que-el-mijis-murio-en-accidente-entregan-cuerpo-a-familia","status":"publish","type":"post","link":"https:\/\/zonaroja.com.mx\/?p=38286","title":{"rendered":"Confirman que \u00abEl Mijis\u00bb muri\u00f3 en accidente; entregan cuerpo a familia"},"content":{"rendered":"\n<p>Redacci\u00f3n\/Zona Roja Cdmx.<\/p>\n\n\n\n<p>Ciudad de M\u00e9xico, 2 de marzo de 2002.- Tras diversos peritajes, la Fiscal\u00eda General del Estado de Tamaulipas confirm\u00f3 hoy que Pedro C\u00e9sar Carrizales Becerra, alias \u00abEl Mijis\u00bb, muri\u00f3 en un accidente en d\u00edas pasados.<\/p>\n\n\n\n<p>Su familia acudi\u00f3 esta tarde a las instalaciones de esa instancia de procuraci\u00f3n de justicia para conformar el hecho, tras lo cual les fue entregado el cuerpo.<\/p>\n\n\n\n<p>\u00abEl Mijis\u00bb, ex diputado de San Luis Potos\u00ed, fue visto por \u00faltima vez el 31 de enero de este a\u00f1o, en el hotel \u00abLas Fuentes\u00bb, de Saltillo, Coahuila; se dirig\u00eda en su veh\u00edculo a Monterrey, Nuevo Le\u00f3n, cuando tuvo un percance.<\/p>\n\n\n\n<p>La Fiscal\u00eda expuso que hay una investigaci\u00f3n sobre el accidente registrado el pasado 3 de febrero aproximadamente a la 01:00 horas, en el kil\u00f3metro 27 de la carretera Piedras Negras-Nuevo Laredo en los l\u00edmites de los estados de Nuevo Le\u00f3n y Tamaulipas.<\/p>\n\n\n\n<p>Luego de trabajos de peritos del Servicio M\u00e9dico Forense en antropolog\u00eda, identificaci\u00f3n humana y gen\u00e9tica, en el cuerpo, haciendo el cruce de informaci\u00f3n de datos gen\u00e9ticos con miembros de la familia, se confirm\u00f3 que s\u00ed corresponde a Pedro C\u00e9sar Carrizales.<\/p>\n","protected":false},"excerpt":{"rendered":"<p>Redacci\u00f3n\/Zona Roja Cdmx. Ciudad de M\u00e9xico, 2 de marzo de 2002.- Tras diversos peritajes, la&hellip;<\/p>\n","protected":false},"author":2,"featured_media":38287,"comment_status":"closed","ping_status":"open","sticky":false,"template":"","format":"standard","meta":{"_lmt_disableupdate":"","_lmt_disable":"","_jetpack_memberships_contains_paid_content":false,"footnotes":""},"categories":[109,47],"tags":[3052],"class_list":["post-38286","post","type-post","status-publish","format-standard","has-post-thumbnail","hentry","category-minuto-a-minuto","category-zona-gris","tag-pedro-cesar-carrizales-el-mijis"],"jetpack_featured_media_url":"https:\/\/zonaroja.com.mx\/wp-content\/uploads\/2022\/03\/Muere-El-Mijis.jpeg","jetpack_sharing_enabled":true,"_links":{"self":[{"href":"https:\/\/zonaroja.com.mx\/index.php?rest_route=\/wp\/v2\/posts\/38286","targetHints":{"allow":["GET"]}}],"collection":[{"href":"https:\/\/zonaroja.com.mx\/index.php?rest_route=\/wp\/v2\/posts"}],"about":[{"href":"https:\/\/zonaroja.com.mx\/index.php?rest_route=\/wp\/v2\/types\/post"}],"author":[{"embeddable":true,"href":"https:\/\/zonaroja.com.mx\/index.php?rest_route=\/wp\/v2\/users\/2"}],"replies":[{"embeddable":true,"href":"https:\/\/zonaroja.com.mx\/index.php?rest_route=%2Fwp%2Fv2%2Fcomments&post=38286"}],"version-history":[{"count":1,"href":"https:\/\/zonaroja.com.mx\/index.php?rest_route=\/wp\/v2\/posts\/38286\/revisions"}],"predecessor-version":[{"id":38288,"href":"https:\/\/zonaroja.com.mx\/index.php?rest_route=\/wp\/v2\/posts\/38286\/revisions\/38288"}],"wp:featuredmedia":[{"embeddable":true,"href":"https:\/\/zonaroja.com.mx\/index.php?rest_route=\/wp\/v2\/media\/38287"}],"wp:attachment":[{"href":"https:\/\/zonaroja.com.mx\/index.php?rest_route=%2Fwp%2Fv2%2Fmedia&parent=38286"}],"wp:term":[{"taxonomy":"category","embeddable":true,"href":"https:\/\/zonaroja.com.mx\/index.php?rest_route=%2Fwp%2Fv2%2Fcategories&post=38286"},{"taxonomy":"post_tag","embeddable":true,"href":"https:\/\/zonaroja.com.mx\/index.php?rest_route=%2Fwp%2Fv2%2Ftags&post=38286"}],"curies":[{"name":"wp","href":"https:\/\/api.w.org\/{rel}","templated":true}]}}