{"id":38293,"date":"2022-03-02T21:24:22","date_gmt":"2022-03-03T03:24:22","guid":{"rendered":"http:\/\/www.zonaroja.com.mx\/?p=38293"},"modified":"2022-03-02T21:24:25","modified_gmt":"2022-03-03T03:24:25","slug":"condena-susana-harp-asesinato-de-jovenes-mixes-en-estados-unidos","status":"publish","type":"post","link":"https:\/\/zonaroja.com.mx\/?p=38293","title":{"rendered":"Condena Susana Harp asesinato de j\u00f3venes mixes en Estados Unidos"},"content":{"rendered":"\n<p>Redacci\u00f3n\/Zona Roja.<\/p>\n\n\n\n<p>Oaxaca de Ju\u00e1rez, Oax., 2 de marzo del 2021.- La senadora Susana Harp Iturribarr\u00eda conden\u00f3 el asesinato ocurrido en Estados Unidos, de los tres j\u00f3venes originarios del municipio de Santo Domingo Tepuxtepec Mixe, Oaxaca.&nbsp;<\/p>\n\n\n\n<p>A trav\u00e9s de un mensaje compartido en su cuenta de Twitter, la representante popular solicit\u00f3 una investigaci\u00f3n amplia y expedita sobre el asesinato de los tres j\u00f3venes ayuujk, cuyos cuerpos fueron localizados en un campo bald\u00edo en la ciudad de Pohenix, Arizona, en Estados Unidos.&nbsp;<\/p>\n\n\n\n<p>Susana Harp Iturribarr\u00eda escribi\u00f3: \u201cCondenamos todo acto de violencia contra la comunidad migrante y solicitamos a las instancias correspondientes una investigaci\u00f3n amplia y expedita\u201d, se\u00f1al\u00f3.<\/p>\n\n\n\n<figure class=\"wp-block-embed is-type-rich is-provider-twitter wp-block-embed-twitter\"><div class=\"wp-block-embed__wrapper\">\n<div class=\"twitter-tweet\"><blockquote class=\"twitter-tweet\" data-lang=\"es\"><p lang=\"es\" dir=\"ltr\">Nuestra solidaridad con las familias de los tres j\u00f3venes originarios de Santo Domingo Tepuxtepec <a href=\"https:\/\/twitter.com\/hashtag\/Oaxaca?src=hash&amp;ref_src=twsrc%5Etfw\">#Oaxaca<\/a> localizados sin vida en EU. Condenamos todo acto de violencia contra la comunidad migrante y solicitamos a las instancias correspondientes una investigaci\u00f3n amplia y expedita.<\/p>&mdash; Susana Harp Iturribarr\u00eda (@SusanaHarp) <a href=\"https:\/\/twitter.com\/SusanaHarp\/status\/1499017260198936577?ref_src=twsrc%5Etfw\">2 de marzo de 2022<\/a><\/blockquote><\/div>\n<\/div><\/figure>\n","protected":false},"excerpt":{"rendered":"<p>Redacci\u00f3n\/Zona Roja. Oaxaca de Ju\u00e1rez, Oax., 2 de marzo del 2021.- La senadora Susana Harp&hellip;<\/p>\n","protected":false},"author":2,"featured_media":34211,"comment_status":"closed","ping_status":"open","sticky":false,"template":"","format":"standard","meta":{"_lmt_disableupdate":"","_lmt_disable":"","_jetpack_memberships_contains_paid_content":false,"footnotes":""},"categories":[109,46],"tags":[1685],"class_list":["post-38293","post","type-post","status-publish","format-standard","has-post-thumbnail","hentry","category-minuto-a-minuto","category-zona-blanca","tag-susana-harp-iturribarria"],"jetpack_featured_media_url":"https:\/\/zonaroja.com.mx\/wp-content\/uploads\/2021\/11\/Susana-Harp-I.jpg","jetpack_sharing_enabled":true,"_links":{"self":[{"href":"https:\/\/zonaroja.com.mx\/index.php?rest_route=\/wp\/v2\/posts\/38293","targetHints":{"allow":["GET"]}}],"collection":[{"href":"https:\/\/zonaroja.com.mx\/index.php?rest_route=\/wp\/v2\/posts"}],"about":[{"href":"https:\/\/zonaroja.com.mx\/index.php?rest_route=\/wp\/v2\/types\/post"}],"author":[{"embeddable":true,"href":"https:\/\/zonaroja.com.mx\/index.php?rest_route=\/wp\/v2\/users\/2"}],"replies":[{"embeddable":true,"href":"https:\/\/zonaroja.com.mx\/index.php?rest_route=%2Fwp%2Fv2%2Fcomments&post=38293"}],"version-history":[{"count":1,"href":"https:\/\/zonaroja.com.mx\/index.php?rest_route=\/wp\/v2\/posts\/38293\/revisions"}],"predecessor-version":[{"id":38294,"href":"https:\/\/zonaroja.com.mx\/index.php?rest_route=\/wp\/v2\/posts\/38293\/revisions\/38294"}],"wp:featuredmedia":[{"embeddable":true,"href":"https:\/\/zonaroja.com.mx\/index.php?rest_route=\/wp\/v2\/media\/34211"}],"wp:attachment":[{"href":"https:\/\/zonaroja.com.mx\/index.php?rest_route=%2Fwp%2Fv2%2Fmedia&parent=38293"}],"wp:term":[{"taxonomy":"category","embeddable":true,"href":"https:\/\/zonaroja.com.mx\/index.php?rest_route=%2Fwp%2Fv2%2Fcategories&post=38293"},{"taxonomy":"post_tag","embeddable":true,"href":"https:\/\/zonaroja.com.mx\/index.php?rest_route=%2Fwp%2Fv2%2Ftags&post=38293"}],"curies":[{"name":"wp","href":"https:\/\/api.w.org\/{rel}","templated":true}]}}