{"id":38295,"date":"2022-03-02T22:12:11","date_gmt":"2022-03-03T04:12:11","guid":{"rendered":"http:\/\/www.zonaroja.com.mx\/?p=38295"},"modified":"2022-03-02T22:44:55","modified_gmt":"2022-03-03T04:44:55","slug":"detienen-al-chumeca-presunto-operador-de-organizacion-criminal-en-oaxaca","status":"publish","type":"post","link":"https:\/\/zonaroja.com.mx\/?p=38295","title":{"rendered":"Detienen al \u201cChumeca\u201d, presunto operador de organizaci\u00f3n criminal en Oaxaca"},"content":{"rendered":"\n<p>Redacci\u00f3n\/Zona Roja.<\/p>\n\n\n\n<p>Oaxaca de Ju\u00e1rez, Oax., 2 de marzo de 2022.- La Fiscal\u00eda General del Estado de Oaxaca (FGEO) present\u00f3 ante el Juzgado de Control a una persona del sexo masculino identificada como J. A. G., alias \u00abT\u00edo Chu\u00bb o \u00abChumeca\u00bb, probable responsable del delito desaparici\u00f3n de personas cometido por particulares, en agravio de N. D. V. D., cometido en agosto de 2019, en San Francisco Ixhuat\u00e1n, regi\u00f3n del Istmo.<\/p>\n\n\n\n<p>El probable responsable fue aprehendido en el marco de operativos de seguridad realizados en el municipio de San Pedro Tapanatepec por elementos de la Secretar\u00eda de la Defensa Nacional (Sede\u00f1a), Guardia Nacional (GN), Secretar\u00eda de Marina (Semar), Polic\u00eda Estatal de la Secretar\u00eda de Seguridad P\u00fablica de Oaxaca (SSPO), Agencia Estatal de Investigaciones (AEI) y por elementos de la Fuerza Especial de Reacci\u00f3n Inmediata (FERI).<\/p>\n\n\n\n<p>Cabe mencionar que las autoridades identificaron al imputado cuando viajaba a bordo de una motocicleta y al tratar de emprender la huida, los elementos de seguridad le dieron alcance.<\/p>\n\n\n\n<figure class=\"wp-block-embed is-type-rich is-provider-twitter wp-block-embed-twitter\"><div class=\"wp-block-embed__wrapper\">\n<div class=\"twitter-tweet\"><blockquote class=\"twitter-tweet\" data-lang=\"es\"><p lang=\"es\" dir=\"ltr\"><a href=\"https:\/\/twitter.com\/hashtag\/%C3%9AltimoMinuto?src=hash&amp;ref_src=twsrc%5Etfw\">#\u00daltimoMinuto<\/a> <br>Personal de la <a href=\"https:\/\/twitter.com\/SSP_GobOax?ref_src=twsrc%5Etfw\">@SSP_GobOax<\/a> inform\u00f3 de la aprehensi\u00f3n de J. A. G, probable principal generador de violencia en la regi\u00f3n del <a href=\"https:\/\/twitter.com\/hashtag\/Istmo?src=hash&amp;ref_src=twsrc%5Etfw\">#Istmo<\/a>, a quien se le atribuyen diversos delitos.<br>Fue trasladado v\u00eda a\u00e9rea al reclusorio de Tanivet, Tlacolula. <a href=\"https:\/\/t.co\/EoSl4pV1BO\">pic.twitter.com\/EoSl4pV1BO<\/a><\/p>&mdash; Zona Roja Oaxaca (@ZonaRoja_Oaxaca) <a href=\"https:\/\/twitter.com\/ZonaRoja_Oaxaca\/status\/1499172589612240897?ref_src=twsrc%5Etfw\">2 de marzo de 2022<\/a><\/blockquote><\/div>\n<\/div><\/figure>\n\n\n\n<p>De acuerdo con la carpeta de investigaci\u00f3n 29020\/FEDH\/FDTE\/2019, el 21 de agosto de 2019, el imputado probablemente priv\u00f3 de la libertad a la v\u00edctima N. D. V. D. Posteriormente subi\u00f3 a una camioneta a la v\u00edctima, llev\u00e1ndoselo con rumbo desconocido y a partir de esa fecha, se desconoce de su paradero.<\/p>\n\n\n\n<p>Ante estos hechos, la instituci\u00f3n de procuraci\u00f3n de justicia present\u00f3 al imputado J. A. G., ante el Juzgado de Control, cuya situaci\u00f3n jur\u00eddica se resolver\u00e1 en las pr\u00f3ximas horas.<\/p>\n\n\n\n<p>Es importante mencionar que el imputado, podr\u00eda tratarse de un objetivo prioritario pues hay indicios de su probable participaci\u00f3n en actividades il\u00edcitas como operador de una organizaci\u00f3n criminal que opera en la regi\u00f3n del Istmo y es se\u00f1alado de la comisi\u00f3n de delitos de alto impacto.<\/p>\n","protected":false},"excerpt":{"rendered":"<p>Redacci\u00f3n\/Zona Roja. Oaxaca de Ju\u00e1rez, Oax., 2 de marzo de 2022.- La Fiscal\u00eda General del&hellip;<\/p>\n","protected":false},"author":2,"featured_media":38297,"comment_status":"closed","ping_status":"open","sticky":false,"template":"","format":"standard","meta":{"_lmt_disableupdate":"","_lmt_disable":"","_jetpack_memberships_contains_paid_content":false,"footnotes":""},"categories":[109,47],"tags":[494],"class_list":["post-38295","post","type-post","status-publish","format-standard","has-post-thumbnail","hentry","category-minuto-a-minuto","category-zona-gris","tag-fiscalia-general-del-estado-de-oaxaca"],"jetpack_featured_media_url":"https:\/\/zonaroja.com.mx\/wp-content\/uploads\/2022\/03\/3c449de3-c402-41d5-9be4-80527941ea7a.jpg","jetpack_sharing_enabled":true,"_links":{"self":[{"href":"https:\/\/zonaroja.com.mx\/index.php?rest_route=\/wp\/v2\/posts\/38295","targetHints":{"allow":["GET"]}}],"collection":[{"href":"https:\/\/zonaroja.com.mx\/index.php?rest_route=\/wp\/v2\/posts"}],"about":[{"href":"https:\/\/zonaroja.com.mx\/index.php?rest_route=\/wp\/v2\/types\/post"}],"author":[{"embeddable":true,"href":"https:\/\/zonaroja.com.mx\/index.php?rest_route=\/wp\/v2\/users\/2"}],"replies":[{"embeddable":true,"href":"https:\/\/zonaroja.com.mx\/index.php?rest_route=%2Fwp%2Fv2%2Fcomments&post=38295"}],"version-history":[{"count":2,"href":"https:\/\/zonaroja.com.mx\/index.php?rest_route=\/wp\/v2\/posts\/38295\/revisions"}],"predecessor-version":[{"id":38302,"href":"https:\/\/zonaroja.com.mx\/index.php?rest_route=\/wp\/v2\/posts\/38295\/revisions\/38302"}],"wp:featuredmedia":[{"embeddable":true,"href":"https:\/\/zonaroja.com.mx\/index.php?rest_route=\/wp\/v2\/media\/38297"}],"wp:attachment":[{"href":"https:\/\/zonaroja.com.mx\/index.php?rest_route=%2Fwp%2Fv2%2Fmedia&parent=38295"}],"wp:term":[{"taxonomy":"category","embeddable":true,"href":"https:\/\/zonaroja.com.mx\/index.php?rest_route=%2Fwp%2Fv2%2Fcategories&post=38295"},{"taxonomy":"post_tag","embeddable":true,"href":"https:\/\/zonaroja.com.mx\/index.php?rest_route=%2Fwp%2Fv2%2Ftags&post=38295"}],"curies":[{"name":"wp","href":"https:\/\/api.w.org\/{rel}","templated":true}]}}