{"id":38298,"date":"2022-03-02T22:38:30","date_gmt":"2022-03-03T04:38:30","guid":{"rendered":"http:\/\/www.zonaroja.com.mx\/?p=38298"},"modified":"2022-03-02T22:50:19","modified_gmt":"2022-03-03T04:50:19","slug":"otro-dia-de-perros-en-oaxaca-estamos-hasta-la-madre","status":"publish","type":"post","link":"https:\/\/zonaroja.com.mx\/?p=38298","title":{"rendered":"Otro d\u00eda de perros en Oaxaca: \u00ab\u00a1Estamos hasta la madre!\u00bb"},"content":{"rendered":"\n<p>Ismael Garc\u00eda M.\/Zona Roja.<\/p>\n\n\n\n<p>Oaxaca de Ju\u00e1rez, Oax., 2 de marzo de 2022.- Los gritos por la irritaci\u00f3n social, semejantes por doquier:&nbsp;<\/p>\n\n\n\n<p>\u00ab\u00a1Queremos otros 43!, yo qu\u00e9 ching\u00e1 les hice&#8230; Estamos hasta la madre de estas cosas, que le reclamen a quien tengan que reclamarle, \u00a1nosotros como ciudadanos qu\u00e9 tenemos que pagar las consecuencias!\u00bb.<\/p>\n\n\n\n<p>El reclamo, un motociclista que se atrevi\u00f3 a cruzar uno de los m\u00faltiples bloqueos que tuvo la ciudad de Oaxaca este jueves. El silencio oficial, largo. La ausencia de la Secretar\u00eda General de Gobierno (Segrego), permanente.<\/p>\n\n\n\n<p>Por segundo d\u00eda, militantes de la organizaci\u00f3n \u00abSol Rojo\u00bb se movilizaron, por demandas m\u00faltiples y desconocidas.&nbsp;<\/p>\n\n\n\n<p>Adem\u00e1s de seguir bloqueando la avenida Ju\u00e1rez de la capital, por la ma\u00f1ana un contingente se traslad\u00f3 al Perif\u00e9rico, en la zona sur, donde bloquearon hasta pasadas las nueve de la noche.<\/p>\n\n\n\n<p>Adem\u00e1s, quemaron llantas en el pavimento y vandalizaron oficinas de la Comisi\u00f3n Federal de Electricidad. Coches, camiones de carga, pipas, mucha gente caminando, mucho enojo, el escenario.<\/p>\n\n\n\n<p>Pero ninguna autoridad por ning\u00fan lado. Francisco Mart\u00ednez Neri aduce que es responsabilidad del Gobierno del Estado; la autoridad estatal, jam\u00e1s se acerc\u00f3 a la zona y desde la comodidad de las oficinas de Ciudad Administrativa, en Tlalixtac de Cabrera, esper\u00f3 a los inconformes.<\/p>\n\n\n\n<figure class=\"wp-block-embed is-type-rich is-provider-twitter wp-block-embed-twitter\"><div class=\"wp-block-embed__wrapper\">\n<div class=\"twitter-tweet\"><blockquote class=\"twitter-tweet\" data-lang=\"es\"><p lang=\"es\" dir=\"ltr\"><a href=\"https:\/\/twitter.com\/hashtag\/%C3%9AltimoMinuto?src=hash&amp;ref_src=twsrc%5Etfw\">#\u00daltimoMinuto<\/a> <br>Las protestas y bloqueos, as\u00ed como la irritaci\u00f3n social, se incrementan en la ciudad de Oaxaca, ante nula intervenci\u00f3n de la <a href=\"https:\/\/twitter.com\/SEGEGO_GobOax?ref_src=twsrc%5Etfw\">@SEGEGO_GobOax<\/a>.<br>La organizaci\u00f3n \u201cSol Rojo\u201d quema llantas en el Perif\u00e9rico y vandaliza instalaciones de la Comisi\u00f3n Federal de Electricidad. <a href=\"https:\/\/t.co\/HWUuzF5LSq\">pic.twitter.com\/HWUuzF5LSq<\/a><\/p>&mdash; Zona Roja Oaxaca (@ZonaRoja_Oaxaca) <a href=\"https:\/\/twitter.com\/ZonaRoja_Oaxaca\/status\/1499088614864662529?ref_src=twsrc%5Etfw\">2 de marzo de 2022<\/a><\/blockquote><\/div>\n<\/div><\/figure>\n\n\n\n<p>\u00abANORMALISTAS\u00bb<\/p>\n\n\n\n<p>Mientras que en su tercera semana, tercer d\u00eda de la semana, normalistas egresados que quieren plazas autom\u00e1ticas para unos 600, intensificaron sus movilizaciones.&nbsp;<\/p>\n\n\n\n<p>A la flojera de caminar, en la avenida Independencia del Centro Hist\u00f3rico se apoderaron de al menos ocho autobuses de pasajeros.<\/p>\n\n\n\n<p>Con ellos se fueron a bloquear tres cruces de la calzada H\u00e9roes de Chapultepec, donde adem\u00e1s segu\u00edan apoder\u00e1ndose de camiones para incrementar los bloqueos, que ampliaron temporalmente al crucero de la antigua sede del IEEPO.<\/p>\n\n\n\n<p>Los usuarios, irritados:<\/p>\n\n\n\n<p>\u00abMiren vayan a pararse a la puerta de los que los perjudican, no a uno; mire se\u00f1or, ustedes deben estudiar para tener una plaza, porque todos estudiamos para tener una plaza y no estar de huevones, \u00a1tampoco la chinguen!\u00bb.<\/p>\n\n\n\n<p>Los pr\u00f3ximos docentes, indiferentes y por el contrario, empujaron a la se\u00f1ora reclamante para \u00abtomar\u00bb el cami\u00f3n de pasajeros.<\/p>\n\n\n\n<p>Indiferentes de nuevo los egresados normalistas. Los reclamos cada vez m\u00e1s airados: \u00abUstedes no quieren estudiar&#8230; vayan a chingar a su madre\u00bb. \u00abAs\u00ed quieren solucionar ustedes los problemas, valen m&#8230;\u00bb. \u00abEn lugar que jalen el apoyo del pueblo est\u00e1n m\u00e1s jodidos\u00bb&#8230;<\/p>\n\n\n\n<p>Pero a los normalistas provenientes de diversas regiones, poco les import\u00f3. Al igual que a la Secretar\u00eda General de Gobierno. Los futuros docentes decidieron liberar las vialidades despu\u00e9s de las 21:00 horas&#8230; para prepararse para otra jornada violenta ma\u00f1ana.<\/p>\n\n\n\n<figure class=\"wp-block-embed is-type-rich is-provider-twitter wp-block-embed-twitter\"><div class=\"wp-block-embed__wrapper\">\n<div class=\"twitter-tweet\"><blockquote class=\"twitter-tweet\" data-lang=\"es\"><p lang=\"es\" dir=\"ltr\"><a href=\"https:\/\/twitter.com\/hashtag\/%C3%9AltimoMinuto?src=hash&amp;ref_src=twsrc%5Etfw\">#\u00daltimoMinuto<\/a> <br>Los dos grupos del STEUABJO, tanto de de Julio Mora como de Ariel Luj\u00e1n, retiraron sus respectivos bloqueos en el bulevar Eduardo Vasconcelos, el crucero vial de Cinco Se\u00f1ores y la avenida Universidad de la capital oaxaque\u00f1a. <a href=\"https:\/\/t.co\/XpxBHJICMm\">pic.twitter.com\/XpxBHJICMm<\/a><\/p>&mdash; Zona Roja Oaxaca (@ZonaRoja_Oaxaca) <a href=\"https:\/\/twitter.com\/ZonaRoja_Oaxaca\/status\/1499132608986456070?ref_src=twsrc%5Etfw\">2 de marzo de 2022<\/a><\/blockquote><\/div>\n<\/div><\/figure>\n\n\n\n<p>LOS STEUABJO<\/p>\n\n\n\n<p>Por si fuera poco, el pleito interno en el Sindicato de Trabajadores y Empleados de la UABJO escal\u00f3.<\/p>\n\n\n\n<p>La fracci\u00f3n de Julio Mora \u00abtom\u00f3\u00bb media docena de camiones, con los cuales bloque\u00f3 la avenida Universidad y el crucero de Cinco Se\u00f1ores.<\/p>\n\n\n\n<p>Mientras que sus contrincantes encabezados por Ariel Luj\u00e1n, cerraron el bulevar Eduardo Vasconcelos, frente a la Junta Local de Conciliaci\u00f3n y Arbitraje.<\/p>\n\n\n\n<p>Y como por arte de magia la sincron\u00eda, minutos despu\u00e9s de las dos de la tarde se retiraron.<\/p>\n\n\n\n<p>\u00ab\u00a1Pinches huevones! \u00a1P\u00f3nganse a trabajar! \u00bfEso les ense\u00f1a Morena de estar bloqueando y chingando a la gente? \u00a1Ya nos van a conocer el 5 de junio!\u00bb&#8230; Reclamos que nadie oy\u00f3. Mucho menos la Segego.<\/p>\n\n\n\n<figure class=\"wp-block-embed is-type-rich is-provider-twitter wp-block-embed-twitter\"><div class=\"wp-block-embed__wrapper\">\n<div class=\"twitter-tweet\"><blockquote class=\"twitter-tweet\" data-lang=\"es\"><p lang=\"es\" dir=\"ltr\">2. La irritaci\u00f3n social ante irracionales bloqueos y \u201ctoma\u201d de camiones por parte normalistas.<br>\u201c\u00a1Vayan a pararse a la puerta de los que los perjudican, no a uno! \u00a1Ustedes deben estudiar para tener una plaza y no estar de huevones!\u201d.<br>La gente humilde, la m\u00e1s afectada.<a href=\"https:\/\/twitter.com\/ELPINERO?ref_src=twsrc%5Etfw\">@ELPINERO<\/a> <a href=\"https:\/\/t.co\/RIBWX32Wif\">pic.twitter.com\/RIBWX32Wif<\/a><\/p>&mdash; Zona Roja Oaxaca (@ZonaRoja_Oaxaca) <a href=\"https:\/\/twitter.com\/ZonaRoja_Oaxaca\/status\/1499201564023701507?ref_src=twsrc%5Etfw\">3 de marzo de 2022<\/a><\/blockquote><\/div>\n<\/div><\/figure>\n","protected":false},"excerpt":{"rendered":"<p>Ismael Garc\u00eda M.\/Zona Roja. Oaxaca de Ju\u00e1rez, Oax., 2 de marzo de 2022.- Los gritos&hellip;<\/p>\n","protected":false},"author":2,"featured_media":38303,"comment_status":"closed","ping_status":"open","sticky":false,"template":"","format":"standard","meta":{"_lmt_disableupdate":"","_lmt_disable":"","_jetpack_memberships_contains_paid_content":false,"footnotes":""},"categories":[109,47],"tags":[2254],"class_list":["post-38298","post","type-post","status-publish","format-standard","has-post-thumbnail","hentry","category-minuto-a-minuto","category-zona-gris","tag-protestas-y-bloqueos-oaxaca"],"jetpack_featured_media_url":"https:\/\/zonaroja.com.mx\/wp-content\/uploads\/2022\/03\/1048e7c6-1179-4ba4-8def-7489f468fd96.jpg","jetpack_sharing_enabled":true,"_links":{"self":[{"href":"https:\/\/zonaroja.com.mx\/index.php?rest_route=\/wp\/v2\/posts\/38298","targetHints":{"allow":["GET"]}}],"collection":[{"href":"https:\/\/zonaroja.com.mx\/index.php?rest_route=\/wp\/v2\/posts"}],"about":[{"href":"https:\/\/zonaroja.com.mx\/index.php?rest_route=\/wp\/v2\/types\/post"}],"author":[{"embeddable":true,"href":"https:\/\/zonaroja.com.mx\/index.php?rest_route=\/wp\/v2\/users\/2"}],"replies":[{"embeddable":true,"href":"https:\/\/zonaroja.com.mx\/index.php?rest_route=%2Fwp%2Fv2%2Fcomments&post=38298"}],"version-history":[{"count":2,"href":"https:\/\/zonaroja.com.mx\/index.php?rest_route=\/wp\/v2\/posts\/38298\/revisions"}],"predecessor-version":[{"id":38304,"href":"https:\/\/zonaroja.com.mx\/index.php?rest_route=\/wp\/v2\/posts\/38298\/revisions\/38304"}],"wp:featuredmedia":[{"embeddable":true,"href":"https:\/\/zonaroja.com.mx\/index.php?rest_route=\/wp\/v2\/media\/38303"}],"wp:attachment":[{"href":"https:\/\/zonaroja.com.mx\/index.php?rest_route=%2Fwp%2Fv2%2Fmedia&parent=38298"}],"wp:term":[{"taxonomy":"category","embeddable":true,"href":"https:\/\/zonaroja.com.mx\/index.php?rest_route=%2Fwp%2Fv2%2Fcategories&post=38298"},{"taxonomy":"post_tag","embeddable":true,"href":"https:\/\/zonaroja.com.mx\/index.php?rest_route=%2Fwp%2Fv2%2Ftags&post=38298"}],"curies":[{"name":"wp","href":"https:\/\/api.w.org\/{rel}","templated":true}]}}