{"id":38317,"date":"2022-03-03T08:09:32","date_gmt":"2022-03-03T14:09:32","guid":{"rendered":"http:\/\/www.zonaroja.com.mx\/?p=38317"},"modified":"2022-03-03T08:09:34","modified_gmt":"2022-03-03T14:09:34","slug":"reporta-ieepco-4073-oaxaquenos-radicados-en-el-extranjero-interesados-en-votar","status":"publish","type":"post","link":"https:\/\/zonaroja.com.mx\/?p=38317","title":{"rendered":"Reporta IEEPCO 4,073 oaxaque\u00f1os radicados en el extranjero, interesados en votar"},"content":{"rendered":"\n<p>Redacci\u00f3n\/Zona Roja.<\/p>\n\n\n\n<p>Oaxaca de Ju\u00e1rez, Oax., 3 de marzo de 2022.- La Comisi\u00f3n Temporal de Voto en el Extranjero del Instituto Estatal Electoral y de Participaci\u00f3n Ciudadana (IEEPCO), inform\u00f3 que el n\u00famero de personas que se ubican fuera del pa\u00eds y est\u00e1n interesadas en participar en el Proceso Electoral Ordinario 2021-2022 creci\u00f3 considerablemente en las \u00faltimas semanas, ubicando a la entidad con el mayor n\u00famero de registros por encima de Tamaulipas, Durango y Aguascalientes.&nbsp;<\/p>\n\n\n\n<p>En Sesi\u00f3n Ordinaria, la Comisi\u00f3n presidida por la consejera Nayma Enr\u00edquez Estrada dio a conocer que, con corte al 27 de febrero, hay un registro de 4,073 personas, de las cuales 1,573 son mujeres y 2,500 varones, quienes podr\u00e1n participar tanto en el ejercicio de Revocaci\u00f3n de Mandato, como en la elecci\u00f3n a la gubernatura de Oaxaca. &nbsp;<\/p>\n\n\n\n<p>De total de registros, 1,644 lo han hecho para la modalidad de voto postal y 2,429 para voto electr\u00f3nico.<\/p>\n\n\n\n<p>La consejera electoral, Nayma Enr\u00edquez Estrada, destac\u00f3 los trabajos emprendidos por el Instituto con diversos colectivos en el extranjero a fin de concretar alianzas para difundir material de promoci\u00f3n al voto, ello con la finalidad de lograr una mayor participaci\u00f3n de personas migrantes que residen, principalmente, en Estados Unidos. &nbsp;<\/p>\n\n\n\n<p>Por lo anterior, agradeci\u00f3 a las consejeras electorales integrantes de la comisi\u00f3n Jessica Jasibe Hern\u00e1ndez Garc\u00eda y Zaira Alhel\u00ed Hip\u00f3lito L\u00f3pez, por fortalecer los trabajos en cuanto a difusi\u00f3n, credencializaci\u00f3n, as\u00ed como de enlace con organizaciones ind\u00edgenas en el extranjero.&nbsp; &nbsp;<\/p>\n\n\n\n<p>Mientras que la consejera electoral, Carmelita Sibaja Ochoa, invit\u00f3 a la ciudadan\u00eda en general a ejercer su derecho de elegir a sus representantes y record\u00f3 que el pr\u00f3ximo jueves 10 de marzo vence el plazo para el registro a trav\u00e9s del micrositio https:\/\/votoextranjero-oaxaca.org.mx\/ &nbsp;<\/p>\n\n\n\n<p>Finalmente, la consejera presidenta, Elizabeth S\u00e1nchez Gonz\u00e1lez, agradeci\u00f3 a las integrantes de la Comisi\u00f3n Temporal de Voto en el Extranjero por su compromiso en el desarrollo de los trabajos, as\u00ed como a las organizaciones migrantes quienes han mostrado un gran inter\u00e9s en participar en el proceso electoral en curso.&nbsp;<\/p>\n","protected":false},"excerpt":{"rendered":"<p>Redacci\u00f3n\/Zona Roja. Oaxaca de Ju\u00e1rez, Oax., 3 de marzo de 2022.- La Comisi\u00f3n Temporal de&hellip;<\/p>\n","protected":false},"author":2,"featured_media":17563,"comment_status":"closed","ping_status":"open","sticky":false,"template":"","format":"standard","meta":{"_lmt_disableupdate":"","_lmt_disable":"","_jetpack_memberships_contains_paid_content":false,"footnotes":""},"categories":[109,46],"tags":[2932],"class_list":["post-38317","post","type-post","status-publish","format-standard","has-post-thumbnail","hentry","category-minuto-a-minuto","category-zona-blanca","tag-instituto-estatal-electoral-y-de-participacion-ciudadana-de-oaxaca-ieepco"],"jetpack_featured_media_url":"https:\/\/zonaroja.com.mx\/wp-content\/uploads\/2020\/09\/Instituto-Estatal-Electoral-IEEPCO.jpg","jetpack_sharing_enabled":true,"_links":{"self":[{"href":"https:\/\/zonaroja.com.mx\/index.php?rest_route=\/wp\/v2\/posts\/38317","targetHints":{"allow":["GET"]}}],"collection":[{"href":"https:\/\/zonaroja.com.mx\/index.php?rest_route=\/wp\/v2\/posts"}],"about":[{"href":"https:\/\/zonaroja.com.mx\/index.php?rest_route=\/wp\/v2\/types\/post"}],"author":[{"embeddable":true,"href":"https:\/\/zonaroja.com.mx\/index.php?rest_route=\/wp\/v2\/users\/2"}],"replies":[{"embeddable":true,"href":"https:\/\/zonaroja.com.mx\/index.php?rest_route=%2Fwp%2Fv2%2Fcomments&post=38317"}],"version-history":[{"count":1,"href":"https:\/\/zonaroja.com.mx\/index.php?rest_route=\/wp\/v2\/posts\/38317\/revisions"}],"predecessor-version":[{"id":38318,"href":"https:\/\/zonaroja.com.mx\/index.php?rest_route=\/wp\/v2\/posts\/38317\/revisions\/38318"}],"wp:featuredmedia":[{"embeddable":true,"href":"https:\/\/zonaroja.com.mx\/index.php?rest_route=\/wp\/v2\/media\/17563"}],"wp:attachment":[{"href":"https:\/\/zonaroja.com.mx\/index.php?rest_route=%2Fwp%2Fv2%2Fmedia&parent=38317"}],"wp:term":[{"taxonomy":"category","embeddable":true,"href":"https:\/\/zonaroja.com.mx\/index.php?rest_route=%2Fwp%2Fv2%2Fcategories&post=38317"},{"taxonomy":"post_tag","embeddable":true,"href":"https:\/\/zonaroja.com.mx\/index.php?rest_route=%2Fwp%2Fv2%2Ftags&post=38317"}],"curies":[{"name":"wp","href":"https:\/\/api.w.org\/{rel}","templated":true}]}}