{"id":38319,"date":"2022-03-03T08:13:57","date_gmt":"2022-03-03T14:13:57","guid":{"rendered":"http:\/\/www.zonaroja.com.mx\/?p=38319"},"modified":"2022-03-03T08:13:59","modified_gmt":"2022-03-03T14:13:59","slug":"comision-de-migracion-del-congreso-condena-asesinato-de-oaxaquenos-en-arizona","status":"publish","type":"post","link":"https:\/\/zonaroja.com.mx\/?p=38319","title":{"rendered":"Comisi\u00f3n de Migraci\u00f3n del Congreso condena asesinato de oaxaque\u00f1os en Arizona"},"content":{"rendered":"\n<p>Redacci\u00f3n\/Zona Roja.<\/p>\n\n\n\n<p>Oaxaca de Ju\u00e1rez, Oax., 3 de marzo de 2022.- Los integrantes de la Comisi\u00f3n Permanente de Migraci\u00f3n y Asuntos Internacionales de la 65 Legislatura de Oaxaca expresaron su condena por el asesinato de tres j\u00f3venes oaxaque\u00f1os; Herminio Ram\u00edrez, Isauro Mart\u00ednez y Abimael Jim\u00e9nez, originarios del municipio de Santo Domingo Tepuxtepec, Oaxaca, en Phoenix, Arizona, Estados Unidos.&nbsp;<\/p>\n\n\n\n<p>Concepci\u00f3n Rueda G\u00f3mez, presidenta de la Comisi\u00f3n, extern\u00f3 su exigencia de una investigaci\u00f3n amplia y expedita para castigar a los responsables y garantizar la justicia para las familias de los j\u00f3venes.<\/p>\n\n\n\n<p>As\u00ed mismo, hizo un llamado a la Secretar\u00eda de Relaciones Exteriores del Gobierno de M\u00e9xico y al Gobierno del Estado de Oaxaca para que, en el \u00e1mbito de sus respectivas competencias, realicen las gestiones correspondientes para la repatriaci\u00f3n de los cuerpos a su comunidad de origen y brinden acompa\u00f1amiento permanente a los familiares en este dif\u00edcil proceso.<\/p>\n\n\n\n<figure class=\"wp-block-embed is-type-rich is-provider-twitter wp-block-embed-twitter\"><div class=\"wp-block-embed__wrapper\">\n<div class=\"twitter-tweet\"><blockquote class=\"twitter-tweet\" data-lang=\"es\"><p lang=\"es\" dir=\"ltr\">Los integrantes de la Comisi\u00f3n Permanente de Migraci\u00f3n y Asuntos Internacionales en la <a href=\"https:\/\/twitter.com\/hashtag\/LXVLegislatura?src=hash&amp;ref_src=twsrc%5Etfw\">#LXVLegislatura<\/a> local, condenamos el asesinato de tres j\u00f3venes oaxaque\u00f1os en Arizona. Exigimos una investigaci\u00f3n exhaustiva y castigo para los responsables. <a href=\"https:\/\/twitter.com\/MelyHernandez4T?ref_src=twsrc%5Etfw\">@MelyHernandez4T<\/a> <a href=\"https:\/\/twitter.com\/lizconcha?ref_src=twsrc%5Etfw\">@lizconcha<\/a> <a href=\"https:\/\/t.co\/0TS645iqQO\">pic.twitter.com\/0TS645iqQO<\/a><\/p>&mdash; Cony Rueda (@ConyRuedaG) <a href=\"https:\/\/twitter.com\/ConyRuedaG\/status\/1499075486563115013?ref_src=twsrc%5Etfw\">2 de marzo de 2022<\/a><\/blockquote><\/div>\n<\/div><\/figure>\n\n\n\n<p>Expuso que estos lamentables hechos, son una dolorosa realidad que enfrentan d\u00eda a d\u00eda miles de oaxaque\u00f1as y oaxaque\u00f1os, principalmente ind\u00edgenas, quienes se siguen viendo obligados a abandonar sus comunidades de origen para emigrar a los Estados Unidos o a otros estados de nuestro pa\u00eds, en busca de mejores oportunidades para ellos y sus familias.&nbsp;<\/p>\n\n\n\n<p>\u201cNing\u00fan oaxaque\u00f1o ni oaxaque\u00f1a, muchos menos nuestras ni\u00f1as, ni\u00f1os y j\u00f3venes tendr\u00edan que abandonar sus comunidades de origen ni el estado por falta de empleo\u201d, dijo.<\/p>\n\n\n\n<p>Y asegur\u00f3 que desde la Comisi\u00f3n Permanente buscar\u00e1n brindar acompa\u00f1amiento a las familias para que se haga justicia.<\/p>\n","protected":false},"excerpt":{"rendered":"<p>Redacci\u00f3n\/Zona Roja. Oaxaca de Ju\u00e1rez, Oax., 3 de marzo de 2022.- Los integrantes de la&hellip;<\/p>\n","protected":false},"author":2,"featured_media":38311,"comment_status":"closed","ping_status":"open","sticky":false,"template":"","format":"standard","meta":{"_lmt_disableupdate":"","_lmt_disable":"","_jetpack_memberships_contains_paid_content":false,"footnotes":""},"categories":[109,46],"tags":[254],"class_list":["post-38319","post","type-post","status-publish","format-standard","has-post-thumbnail","hentry","category-minuto-a-minuto","category-zona-blanca","tag-concepcion-rueda-gomez"],"jetpack_featured_media_url":"https:\/\/zonaroja.com.mx\/wp-content\/uploads\/2022\/03\/Concepcion-Rueda-Comision-Migrantes.jpeg","jetpack_sharing_enabled":true,"_links":{"self":[{"href":"https:\/\/zonaroja.com.mx\/index.php?rest_route=\/wp\/v2\/posts\/38319","targetHints":{"allow":["GET"]}}],"collection":[{"href":"https:\/\/zonaroja.com.mx\/index.php?rest_route=\/wp\/v2\/posts"}],"about":[{"href":"https:\/\/zonaroja.com.mx\/index.php?rest_route=\/wp\/v2\/types\/post"}],"author":[{"embeddable":true,"href":"https:\/\/zonaroja.com.mx\/index.php?rest_route=\/wp\/v2\/users\/2"}],"replies":[{"embeddable":true,"href":"https:\/\/zonaroja.com.mx\/index.php?rest_route=%2Fwp%2Fv2%2Fcomments&post=38319"}],"version-history":[{"count":1,"href":"https:\/\/zonaroja.com.mx\/index.php?rest_route=\/wp\/v2\/posts\/38319\/revisions"}],"predecessor-version":[{"id":38320,"href":"https:\/\/zonaroja.com.mx\/index.php?rest_route=\/wp\/v2\/posts\/38319\/revisions\/38320"}],"wp:featuredmedia":[{"embeddable":true,"href":"https:\/\/zonaroja.com.mx\/index.php?rest_route=\/wp\/v2\/media\/38311"}],"wp:attachment":[{"href":"https:\/\/zonaroja.com.mx\/index.php?rest_route=%2Fwp%2Fv2%2Fmedia&parent=38319"}],"wp:term":[{"taxonomy":"category","embeddable":true,"href":"https:\/\/zonaroja.com.mx\/index.php?rest_route=%2Fwp%2Fv2%2Fcategories&post=38319"},{"taxonomy":"post_tag","embeddable":true,"href":"https:\/\/zonaroja.com.mx\/index.php?rest_route=%2Fwp%2Fv2%2Ftags&post=38319"}],"curies":[{"name":"wp","href":"https:\/\/api.w.org\/{rel}","templated":true}]}}