{"id":38321,"date":"2022-03-03T08:21:36","date_gmt":"2022-03-03T14:21:36","guid":{"rendered":"http:\/\/www.zonaroja.com.mx\/?p=38321"},"modified":"2022-03-03T08:21:37","modified_gmt":"2022-03-03T14:21:37","slug":"presidenta-de-la-mesa-directiva-del-congreso-condena-violencia-contra-el-ieepco","status":"publish","type":"post","link":"https:\/\/zonaroja.com.mx\/?p=38321","title":{"rendered":"Presidenta de la Mesa Directiva del Congreso condena violencia contra el IEEPCO"},"content":{"rendered":"\n<p>Redacci\u00f3n\/Zona Roja.<\/p>\n\n\n\n<p>Oaxaca de Ju\u00e1rez, Oax., 3 de marzo de 2022.- La presidenta de la Mesa Directiva de la 65 Legislatura local, Mariana Ben\u00edtez Tiburcio, hizo un llamado a sumarse a la exigencia de solicitar a las autoridades de investigaci\u00f3n de delitos, en particular a la Fiscal\u00eda General del Estado y a la Fiscal\u00eda Especializada en Delitos Electorales del Estado, investiguen de manera inmediata los lamentables hechos de violencia y vandalismo perpetrados por personas desconocidas el pasado lunes en el inmueble del Instituto Estatal Electoral y de Participaci\u00f3n Ciudadana(IEEPCO).&nbsp;<\/p>\n\n\n\n<p>&nbsp;En su participaci\u00f3n en tribuna, en la reciente sesi\u00f3n ordinaria, precis\u00f3 que \u201cdebemos ir m\u00e1s all\u00e1 de la exigencia de esclarecimiento de los hechos y es oportuno precisar de que a un mes de que inicien las campa\u00f1as electorales de este proceso electoral2021- 2022, desde esta tribuna de la soberan\u00eda estatal hago un llamado a todas las fuerzas pol\u00edticas, a todos los actores sociales, a la ciudadan\u00eda en general, a que prevalezca la concordia e impere un \u00e1nimo de civilidad pol\u00edtica en esta campa\u00f1a.<\/p>\n\n\n\n<p>\u00abLlevamos al hilo dos procesos electorales en el pa\u00eds caracterizados a nivel Latinoam\u00e9rica por ser de los m\u00e1s violentos de la regi\u00f3n, la OEA lo ha puntualizado de esa manera;Etellekt, consultora internacional que registra todos los actos de violencia en los procesos electorales de Latinoam\u00e9rica, ha refrendado del mismo modo que M\u00e9xico es uno de los pa\u00edses m\u00e1s violentos en t\u00e9rminos electorales\u201d, detall\u00f3.<\/p>\n\n\n\n<p>Resalt\u00f3 que Oaxaca, en el proceso electoral 2021, fue considerado el cuarto estado m\u00e1s violento en sus procesos electorales.&nbsp;<\/p>\n\n\n\n<p>Ben\u00edtez Tiburcio remarc\u00f3:<\/p>\n\n\n\n<p>\u00abComo compa\u00f1era de esta 65 Legislatura, como oaxaque\u00f1a, como pol\u00edtica, quiero poner sobre la mesa que este proceso electoral en el que todas y todos vamos a participar de distintas trincheras como ciudadanos, como actoras y actores pol\u00edticos, debemos privilegiar el di\u00e1logo, la concordia, y no abonemos a la crispaci\u00f3n o a la polarizaci\u00f3n, porque al final de cuentas acabar\u00e1 la elecci\u00f3n pero vamos a estar todas y todos en este mismo lugar, compartiendo el mismo espacio llamado Oaxaca\u201d.<\/p>\n\n\n\n<p>Reiter\u00f3 su llamado para que todas y todos cumplan con la ley y sobre todo las instituciones del Estado, los partidos pol\u00edticos, l\u00edderes sociales y representantes populares garanticemos la paz y la seguridad de las y los oaxaque\u00f1os.&nbsp;<\/p>\n\n\n\n<p>\u00abDebemos respetar el derecho de cada ciudadano y cada ciudadana de ejercer el voto de forma libre y en un ambiente de paz social\u201d, dijo la diputada.<\/p>\n","protected":false},"excerpt":{"rendered":"<p>Redacci\u00f3n\/Zona Roja. Oaxaca de Ju\u00e1rez, Oax., 3 de marzo de 2022.- La presidenta de la&hellip;<\/p>\n","protected":false},"author":2,"featured_media":38313,"comment_status":"closed","ping_status":"open","sticky":false,"template":"","format":"standard","meta":{"_lmt_disableupdate":"","_lmt_disable":"","_jetpack_memberships_contains_paid_content":false,"footnotes":""},"categories":[109,46],"tags":[2969],"class_list":["post-38321","post","type-post","status-publish","format-standard","has-post-thumbnail","hentry","category-minuto-a-minuto","category-zona-blanca","tag-mariana-benitez-tiburcio"],"jetpack_featured_media_url":"https:\/\/zonaroja.com.mx\/wp-content\/uploads\/2022\/03\/Mariana-Benitez-1.jpg","jetpack_sharing_enabled":true,"_links":{"self":[{"href":"https:\/\/zonaroja.com.mx\/index.php?rest_route=\/wp\/v2\/posts\/38321","targetHints":{"allow":["GET"]}}],"collection":[{"href":"https:\/\/zonaroja.com.mx\/index.php?rest_route=\/wp\/v2\/posts"}],"about":[{"href":"https:\/\/zonaroja.com.mx\/index.php?rest_route=\/wp\/v2\/types\/post"}],"author":[{"embeddable":true,"href":"https:\/\/zonaroja.com.mx\/index.php?rest_route=\/wp\/v2\/users\/2"}],"replies":[{"embeddable":true,"href":"https:\/\/zonaroja.com.mx\/index.php?rest_route=%2Fwp%2Fv2%2Fcomments&post=38321"}],"version-history":[{"count":1,"href":"https:\/\/zonaroja.com.mx\/index.php?rest_route=\/wp\/v2\/posts\/38321\/revisions"}],"predecessor-version":[{"id":38322,"href":"https:\/\/zonaroja.com.mx\/index.php?rest_route=\/wp\/v2\/posts\/38321\/revisions\/38322"}],"wp:featuredmedia":[{"embeddable":true,"href":"https:\/\/zonaroja.com.mx\/index.php?rest_route=\/wp\/v2\/media\/38313"}],"wp:attachment":[{"href":"https:\/\/zonaroja.com.mx\/index.php?rest_route=%2Fwp%2Fv2%2Fmedia&parent=38321"}],"wp:term":[{"taxonomy":"category","embeddable":true,"href":"https:\/\/zonaroja.com.mx\/index.php?rest_route=%2Fwp%2Fv2%2Fcategories&post=38321"},{"taxonomy":"post_tag","embeddable":true,"href":"https:\/\/zonaroja.com.mx\/index.php?rest_route=%2Fwp%2Fv2%2Ftags&post=38321"}],"curies":[{"name":"wp","href":"https:\/\/api.w.org\/{rel}","templated":true}]}}