{"id":38327,"date":"2022-03-03T14:23:25","date_gmt":"2022-03-03T20:23:25","guid":{"rendered":"https:\/\/www.zonaroja.com.mx\/?p=38327"},"modified":"2022-03-03T14:23:28","modified_gmt":"2022-03-03T20:23:28","slug":"por-desatencion-de-la-segego-resurge-conflicto-de-intolerancia-religiosa-en-quianitas","status":"publish","type":"post","link":"https:\/\/zonaroja.com.mx\/?p=38327","title":{"rendered":"Por desatenci\u00f3n de la Segego, resurge conflicto de intolerancia religiosa en Quianitas"},"content":{"rendered":"\n<p>Redacci\u00f3n\/Zona Roja.&nbsp;<\/p>\n\n\n\n<p>Oaxaca de Ju\u00e1rez, Oax., 3 de marzo de 2022.- Por la indolencia de la Secretar\u00eda General de Gobierno (Segego), el conflicto de intolerancia religiosa en San Jos\u00e9 Quianitas, del municipio de Santa Mar\u00eda Quiegolani, en la Sierra Sur de Oaxaca, resurgi\u00f3.<\/p>\n\n\n\n<p>Ahora se report\u00f3 la detenci\u00f3n del pastor evang\u00e9lico Filadelfo Santos P\u00e9rez, quien fue privado de su libertad desde el martes por la tarde e incomunicado.&nbsp;<\/p>\n\n\n\n<p>Familiares del ministro de culto informaron que la autoridad municipal le est\u00e1 exigiendo el pago de un multa de 50 mil pesos y la firma de un documento, donde se comprometa a fondear la fiesta patronal del pueblo, ya que de lo contrario ser\u00e1 desterrado de su comunidad, algo que sucedi\u00f3 ya en el a\u00f1o del 2017.<\/p>\n\n\n\n<p>Este caso se suma al de siete familias evang\u00e9licas que fueron desplazadas de su comunidad en la agencia de San Pedro Chimaltepec, en el municipio de San Juan Mazatl\u00e1n Mixe, donde fueron desterradas de su pueblo y tuvieron que asentarse en la familia del pastor Cipriano Gazga Maldonado. &nbsp;<\/p>\n\n\n\n<p>Ambos casos se presentan justo cuando el Congreso local ha exhortado al gobernador Alejandro Murat que atienda este tema, debido a que a\u00f1o con a\u00f1o se presenta esta clase persecuci\u00f3n religiosa alentada generalmente por las autoridades municipales sin que pueda bajar su incidencia.&nbsp;<\/p>\n\n\n\n<p>Cabe recordar que el febrero del 2020, el Juez Tercero de Distrito resolvi\u00f3 el amparo interpuesto ante la intolerancia religiosa registrada en el 2017 en perjuicio de 10 personas y deriv\u00f3 en la expulsi\u00f3n de dos personas, que pudieron regresar a su vivienda y con sus familiares, pero de nueva cuenta los intentan expulsar.<\/p>\n","protected":false},"excerpt":{"rendered":"<p>Redacci\u00f3n\/Zona Roja.&nbsp; Oaxaca de Ju\u00e1rez, Oax., 3 de marzo de 2022.- Por la indolencia de&hellip;<\/p>\n","protected":false},"author":2,"featured_media":38326,"comment_status":"closed","ping_status":"open","sticky":false,"template":"","format":"standard","meta":{"_lmt_disableupdate":"","_lmt_disable":"","_jetpack_memberships_contains_paid_content":false,"footnotes":""},"categories":[109,47],"tags":[],"class_list":["post-38327","post","type-post","status-publish","format-standard","has-post-thumbnail","hentry","category-minuto-a-minuto","category-zona-gris"],"jetpack_featured_media_url":"https:\/\/zonaroja.com.mx\/wp-content\/uploads\/2022\/03\/0c8cba96-032f-4a96-a00c-58a7faff8dc2.jpg","jetpack_sharing_enabled":true,"_links":{"self":[{"href":"https:\/\/zonaroja.com.mx\/index.php?rest_route=\/wp\/v2\/posts\/38327","targetHints":{"allow":["GET"]}}],"collection":[{"href":"https:\/\/zonaroja.com.mx\/index.php?rest_route=\/wp\/v2\/posts"}],"about":[{"href":"https:\/\/zonaroja.com.mx\/index.php?rest_route=\/wp\/v2\/types\/post"}],"author":[{"embeddable":true,"href":"https:\/\/zonaroja.com.mx\/index.php?rest_route=\/wp\/v2\/users\/2"}],"replies":[{"embeddable":true,"href":"https:\/\/zonaroja.com.mx\/index.php?rest_route=%2Fwp%2Fv2%2Fcomments&post=38327"}],"version-history":[{"count":1,"href":"https:\/\/zonaroja.com.mx\/index.php?rest_route=\/wp\/v2\/posts\/38327\/revisions"}],"predecessor-version":[{"id":38328,"href":"https:\/\/zonaroja.com.mx\/index.php?rest_route=\/wp\/v2\/posts\/38327\/revisions\/38328"}],"wp:featuredmedia":[{"embeddable":true,"href":"https:\/\/zonaroja.com.mx\/index.php?rest_route=\/wp\/v2\/media\/38326"}],"wp:attachment":[{"href":"https:\/\/zonaroja.com.mx\/index.php?rest_route=%2Fwp%2Fv2%2Fmedia&parent=38327"}],"wp:term":[{"taxonomy":"category","embeddable":true,"href":"https:\/\/zonaroja.com.mx\/index.php?rest_route=%2Fwp%2Fv2%2Fcategories&post=38327"},{"taxonomy":"post_tag","embeddable":true,"href":"https:\/\/zonaroja.com.mx\/index.php?rest_route=%2Fwp%2Fv2%2Ftags&post=38327"}],"curies":[{"name":"wp","href":"https:\/\/api.w.org\/{rel}","templated":true}]}}