{"id":38329,"date":"2022-03-03T16:06:25","date_gmt":"2022-03-03T22:06:25","guid":{"rendered":"http:\/\/www.zonaroja.com.mx\/?p=38329"},"modified":"2022-03-03T16:06:27","modified_gmt":"2022-03-03T22:06:27","slug":"sismo-dana-estructura-de-casa-de-cultura-de-tuxtepec-palacio-con-menores-impactos","status":"publish","type":"post","link":"https:\/\/zonaroja.com.mx\/?p=38329","title":{"rendered":"Sismo da\u00f1a estructura de Casa de Cultura de Tuxtepec; palacio con menores impactos"},"content":{"rendered":"\n<p>Yuridiana Sosa\/Zona Roja.<\/p>\n\n\n\n<p>Oaxaca de Ju\u00e1rez, Oax., 3 de marzo de 2022.- La Casa de Cultura \u201cDr. V\u00edctor Bravo Ahuja\u201d de Tuxtepec, result\u00f3 con importantes da\u00f1os en su infraestructura, tras el sismo de magnitud 5.7 grados, registrado la ma\u00f1ana de este jueves.&nbsp;<\/p>\n\n\n\n<p>El temblor, con epicentro en el municipio de Isla, Veracruz, en la franja de la Cuenca que comparte con Oaxaca, provoc\u00f3 fisuras acentuadas en m\u00faltiples paredes del complejo cultural, en pasillos, salones de talleres, ba\u00f1os y en el Auditorio del lugar.<\/p>\n\n\n\n<p>El presidente municipal, Irineo Molina Espinosa, consider\u00f3 como severos estos da\u00f1os ante la importancia del complejo, al ser el \u00fanico en su tipo en la regi\u00f3n de la Cuenca, adem\u00e1s que desde hace varios a\u00f1os carece de mantenimiento suficiente.<\/p>\n\n\n\n<p>Por esta situaci\u00f3n, el edil precis\u00f3 que un cuerpo t\u00e9cnico deber\u00e1 hacer un estudio profundo para valorar el costo que representar\u00e1n los trabajos que requiera el inmueble para su restauraci\u00f3n.<\/p>\n\n\n\n<p>Adem\u00e1s, que solicitar\u00e1 apoyo del gobierno federal para evitar otros da\u00f1os a este recinto, que por su arquitectura es admirado por los visitantes.<\/p>\n\n\n\n<p>El palacio municipal de Tuxtepec present\u00f3 da\u00f1os menores, al igual que otros inmuebles cuyas condiciones hasta el momento no ponen en riesgo la vida de la poblaci\u00f3n, entre estos se encuentran los registrados en el Tecnol\u00f3gico Nacional de M\u00e9xico de Tuxtepec.<\/p>\n\n\n\n<p>En tanto, las supervisiones ante cualquier reporte de la ciudadan\u00eda se mantienen vigentes para contar con un reporte total de da\u00f1os.<\/p>\n","protected":false},"excerpt":{"rendered":"<p>Yuridiana Sosa\/Zona Roja. Oaxaca de Ju\u00e1rez, Oax., 3 de marzo de 2022.- La Casa de&hellip;<\/p>\n","protected":false},"author":2,"featured_media":38330,"comment_status":"closed","ping_status":"open","sticky":false,"template":"","format":"standard","meta":{"_lmt_disableupdate":"","_lmt_disable":"","_jetpack_memberships_contains_paid_content":false,"footnotes":""},"categories":[109,47],"tags":[2710],"class_list":["post-38329","post","type-post","status-publish","format-standard","has-post-thumbnail","hentry","category-minuto-a-minuto","category-zona-gris","tag-irineo-molina-espinosa"],"jetpack_featured_media_url":"https:\/\/zonaroja.com.mx\/wp-content\/uploads\/2022\/03\/Casa-de-la-Cultura-Tuxtepec.jpg","jetpack_sharing_enabled":true,"_links":{"self":[{"href":"https:\/\/zonaroja.com.mx\/index.php?rest_route=\/wp\/v2\/posts\/38329","targetHints":{"allow":["GET"]}}],"collection":[{"href":"https:\/\/zonaroja.com.mx\/index.php?rest_route=\/wp\/v2\/posts"}],"about":[{"href":"https:\/\/zonaroja.com.mx\/index.php?rest_route=\/wp\/v2\/types\/post"}],"author":[{"embeddable":true,"href":"https:\/\/zonaroja.com.mx\/index.php?rest_route=\/wp\/v2\/users\/2"}],"replies":[{"embeddable":true,"href":"https:\/\/zonaroja.com.mx\/index.php?rest_route=%2Fwp%2Fv2%2Fcomments&post=38329"}],"version-history":[{"count":1,"href":"https:\/\/zonaroja.com.mx\/index.php?rest_route=\/wp\/v2\/posts\/38329\/revisions"}],"predecessor-version":[{"id":38331,"href":"https:\/\/zonaroja.com.mx\/index.php?rest_route=\/wp\/v2\/posts\/38329\/revisions\/38331"}],"wp:featuredmedia":[{"embeddable":true,"href":"https:\/\/zonaroja.com.mx\/index.php?rest_route=\/wp\/v2\/media\/38330"}],"wp:attachment":[{"href":"https:\/\/zonaroja.com.mx\/index.php?rest_route=%2Fwp%2Fv2%2Fmedia&parent=38329"}],"wp:term":[{"taxonomy":"category","embeddable":true,"href":"https:\/\/zonaroja.com.mx\/index.php?rest_route=%2Fwp%2Fv2%2Fcategories&post=38329"},{"taxonomy":"post_tag","embeddable":true,"href":"https:\/\/zonaroja.com.mx\/index.php?rest_route=%2Fwp%2Fv2%2Ftags&post=38329"}],"curies":[{"name":"wp","href":"https:\/\/api.w.org\/{rel}","templated":true}]}}