{"id":38332,"date":"2022-03-03T17:56:17","date_gmt":"2022-03-03T23:56:17","guid":{"rendered":"http:\/\/www.zonaroja.com.mx\/?p=38332"},"modified":"2022-03-03T17:56:19","modified_gmt":"2022-03-03T23:56:19","slug":"retumba-en-oaxaca-violencia-feminicida-de-chiapas-en-voz-de-madres-victimas","status":"publish","type":"post","link":"https:\/\/zonaroja.com.mx\/?p=38332","title":{"rendered":"Retumba en Oaxaca violencia feminicida de Chiapas en voz de madres v\u00edctimas"},"content":{"rendered":"\n<p>Yuridiana Sosa\/Zona Roja.<\/p>\n\n\n\n<p>Oaxaca de Ju\u00e1rez, Oax., 3 de marzo de 2022.- \u201c\u00a1Dos a\u00f1os sin descansar, sin tener paz!\u201d, son las dolorosas palabras de Adriana G\u00f3mez, madre de Jade Guadalupe, v\u00edctima de feminicidio en el estado de Chiapas, y quien recorre ciudades de M\u00e9xico para exclamar justicia a dos a\u00f1os de asesinato de su hija de 13a\u00f1os.<\/p>\n\n\n\n<p>Junto a Adriana, est\u00e1 Maricruz Nolasco, madre de Karla Yesenia, asesinada en julio de 2018 y quien tampoco ha encontrado justicia por parte de la Fiscal\u00eda General de Chiapas y donde el gobernador Rutilio Cruz Escand\u00f3n, de Morena, hace caso omiso a la violencia feminicida.<\/p>\n\n\n\n<p>Ambas mujeres se manifestaron hoy en la explanada del templo de Santo Domingo de Guzm\u00e1n de la capital oaxaque\u00f1a, como parte de su jornada de lucha camino a la marcha del 8 de marzo en la Ciudad de M\u00e9xico, donde buscar\u00e1n ingresar a la conferencia \u201cma\u00f1anera\u201d y exponer sus casos ante el presidente Andr\u00e9s Manuel L\u00f3pez Obrador.<\/p>\n\n\n\n<figure class=\"wp-block-embed is-type-rich is-provider-twitter wp-block-embed-twitter\"><div class=\"wp-block-embed__wrapper\">\n<div class=\"twitter-tweet\"><blockquote class=\"twitter-tweet\" data-lang=\"es\"><p lang=\"es\" dir=\"ltr\"><a href=\"https:\/\/twitter.com\/hashtag\/ENVIVO?src=hash&amp;ref_src=twsrc%5Etfw\">#ENVIVO<\/a><br>Oaxaca de Ju\u00e1rez, Oax., 3 de marzo de 2022.- Familiares de v\u00edctimas de feminicidio en Chiapas ofrecen conferencia de prensa en la explanada de Santo Domingo de la ciudad de <a href=\"https:\/\/twitter.com\/hashtag\/Oaxaca?src=hash&amp;ref_src=twsrc%5Etfw\">#Oaxaca<\/a>.<br>Siga la transmisi\u00f3n:<br>\ud83d\udc47<a href=\"https:\/\/t.co\/iZmQiMYjoF\">https:\/\/t.co\/iZmQiMYjoF<\/a> <a href=\"https:\/\/t.co\/Zc8cwPrQnT\">pic.twitter.com\/Zc8cwPrQnT<\/a><\/p>&mdash; Zona Roja Oaxaca (@ZonaRoja_Oaxaca) <a href=\"https:\/\/twitter.com\/ZonaRoja_Oaxaca\/status\/1499437688239235075?ref_src=twsrc%5Etfw\">3 de marzo de 2022<\/a><\/blockquote><\/div>\n<\/div><\/figure>\n\n\n\n<p>\u201c\u00a1Esa es mi lucha, buscar justicia para mi hija y para que no haya m\u00e1s asesinato de mujeres!\u201d, apunt\u00f3 Adriana G\u00f3mez, quien sigue un dif\u00edcil proceso penal para la reclasificaci\u00f3n del crimen de su hija, calificado como suicidio en enero de 2020.<\/p>\n\n\n\n<p>La indiferencia e ineficacia de las autoridades de justicia de su estado las orillan a gritar justicia en otros estados para ser escuchadas y que sus casos lleguen a o\u00eddos del Gobierno de M\u00e9xico, mientras que en su estado han recurrido a protestar en huelga de hambre y encadenadas para que el gobernador las atendiera.<\/p>\n\n\n\n<p>En tanto, el fiscal Olaf G\u00f3mez Hern\u00e1ndez y el ex fiscal Jorge Luis Llaven Abarca, quien ahora es diputado federal, tampoco ofrecen resultados sobre la detenci\u00f3n de presuntos responsables, ni sobre avances en las investigaciones.<\/p>\n\n\n\n<p>Las madres, v\u00edctimas de feminicidio hacen un recorrido a pie, el que contemplan hacer una parada m\u00e1s en Puebla, para despu\u00e9s dirigirse a la Ciudad de M\u00e9xico.&nbsp;<\/p>\n","protected":false},"excerpt":{"rendered":"<p>Yuridiana Sosa\/Zona Roja. Oaxaca de Ju\u00e1rez, Oax., 3 de marzo de 2022.- \u201c\u00a1Dos a\u00f1os sin&hellip;<\/p>\n","protected":false},"author":2,"featured_media":38333,"comment_status":"closed","ping_status":"open","sticky":false,"template":"","format":"standard","meta":{"_lmt_disableupdate":"","_lmt_disable":"","_jetpack_memberships_contains_paid_content":false,"footnotes":""},"categories":[109,47],"tags":[3053],"class_list":["post-38332","post","type-post","status-publish","format-standard","has-post-thumbnail","hentry","category-minuto-a-minuto","category-zona-gris","tag-feminicidios-chiapas"],"jetpack_featured_media_url":"https:\/\/zonaroja.com.mx\/wp-content\/uploads\/2022\/03\/Feministas-feminicidio-Chiapas.jpg","jetpack_sharing_enabled":true,"_links":{"self":[{"href":"https:\/\/zonaroja.com.mx\/index.php?rest_route=\/wp\/v2\/posts\/38332","targetHints":{"allow":["GET"]}}],"collection":[{"href":"https:\/\/zonaroja.com.mx\/index.php?rest_route=\/wp\/v2\/posts"}],"about":[{"href":"https:\/\/zonaroja.com.mx\/index.php?rest_route=\/wp\/v2\/types\/post"}],"author":[{"embeddable":true,"href":"https:\/\/zonaroja.com.mx\/index.php?rest_route=\/wp\/v2\/users\/2"}],"replies":[{"embeddable":true,"href":"https:\/\/zonaroja.com.mx\/index.php?rest_route=%2Fwp%2Fv2%2Fcomments&post=38332"}],"version-history":[{"count":1,"href":"https:\/\/zonaroja.com.mx\/index.php?rest_route=\/wp\/v2\/posts\/38332\/revisions"}],"predecessor-version":[{"id":38334,"href":"https:\/\/zonaroja.com.mx\/index.php?rest_route=\/wp\/v2\/posts\/38332\/revisions\/38334"}],"wp:featuredmedia":[{"embeddable":true,"href":"https:\/\/zonaroja.com.mx\/index.php?rest_route=\/wp\/v2\/media\/38333"}],"wp:attachment":[{"href":"https:\/\/zonaroja.com.mx\/index.php?rest_route=%2Fwp%2Fv2%2Fmedia&parent=38332"}],"wp:term":[{"taxonomy":"category","embeddable":true,"href":"https:\/\/zonaroja.com.mx\/index.php?rest_route=%2Fwp%2Fv2%2Fcategories&post=38332"},{"taxonomy":"post_tag","embeddable":true,"href":"https:\/\/zonaroja.com.mx\/index.php?rest_route=%2Fwp%2Fv2%2Ftags&post=38332"}],"curies":[{"name":"wp","href":"https:\/\/api.w.org\/{rel}","templated":true}]}}