{"id":38338,"date":"2022-03-03T20:15:22","date_gmt":"2022-03-04T02:15:22","guid":{"rendered":"http:\/\/www.zonaroja.com.mx\/?p=38338"},"modified":"2022-03-03T20:15:23","modified_gmt":"2022-03-04T02:15:23","slug":"liberan-24-horas-despues-a-retenidos-en-san-jeronimo-sosola-oaxaca","status":"publish","type":"post","link":"https:\/\/zonaroja.com.mx\/?p=38338","title":{"rendered":"Liberan, 24 horas despu\u00e9s, a retenidos en San Jer\u00f3nimo Sosola, Oaxaca"},"content":{"rendered":"\n<p>Redacci\u00f3n\/Zona Roja.<\/p>\n\n\n\n<p>Oaxaca de Ju\u00e1rez, Oax., 3 de marzo de 2022.- Tras m\u00e1s de 24 horas de retenci\u00f3n, la tarde-noche de hoy fueron puestas en libertad pobladores y autoridades agrarias retenidas en San Jer\u00f3nimo Sosola, Etla, Oaxaca.<\/p>\n\n\n\n<p>Se trata de al menos cuatro personas, una de ellas el presidente del Comisariado de Bienes Comunales de la localidad Minas de Llano Verde, Julio Rivera, quienes fueron retenidos por \u00f3rdenes del edil El\u00ed Mart\u00ednez L\u00f3pez.<\/p>\n\n\n\n<p>Ello al argumentar que se opon\u00edan a la pavimentaci\u00f3n artesanal del camino a la cabecera municipal y a la modificaci\u00f3n del trazo original.<\/p>\n\n\n\n<p>Los afectados denunciaron que fueron detenidos con lujo de violencia y en ello habr\u00edan participado transportistas adheridos a la violenta organizaci\u00f3n de transportistas Confederaci\u00f3n Aut\u00f3noma de Trabajadores y Empleados de M\u00e9xico (CATEM).<\/p>\n\n\n\n<p>Julio Rivera narr\u00f3 que desde ayer alrededor de las tres de la tarde fueron impedidos de salir de la localidad Cruz de Piedra y privados de su libertad, junto con Amalia G\u00f3mez, la tesorera, y Jos\u00e9 Alfredo Santiago.<\/p>\n\n\n\n<p>La retenci\u00f3n ilegal ocurri\u00f3 a la altura del kil\u00f3metro 203+700 de la v\u00eda federal Oaxaca-M\u00e9xico, cuando las autoridades agrarias regresaban de la ciudad de Oaxaca.<\/p>\n\n\n\n<p>Seg\u00fan la Secretar\u00eda General de Gobierno (Segrego), la liberaci\u00f3n se logr\u00f3 tras la mediaci\u00f3n con la representaci\u00f3n de la Secretar\u00eda de Gobernaci\u00f3n, la Fiscal\u00eda General del Estado e instancias agrarias.<\/p>\n","protected":false},"excerpt":{"rendered":"<p>Redacci\u00f3n\/Zona Roja. Oaxaca de Ju\u00e1rez, Oax., 3 de marzo de 2022.- Tras m\u00e1s de 24&hellip;<\/p>\n","protected":false},"author":2,"featured_media":38339,"comment_status":"closed","ping_status":"open","sticky":false,"template":"","format":"standard","meta":{"_lmt_disableupdate":"","_lmt_disable":"","_jetpack_memberships_contains_paid_content":false,"footnotes":""},"categories":[109,47],"tags":[2486],"class_list":["post-38338","post","type-post","status-publish","format-standard","has-post-thumbnail","hentry","category-minuto-a-minuto","category-zona-gris","tag-san-jeronimo-sosola"],"jetpack_featured_media_url":"https:\/\/zonaroja.com.mx\/wp-content\/uploads\/2022\/03\/San-Jeronimo-Sosola-retenidos.jpeg","jetpack_sharing_enabled":true,"_links":{"self":[{"href":"https:\/\/zonaroja.com.mx\/index.php?rest_route=\/wp\/v2\/posts\/38338","targetHints":{"allow":["GET"]}}],"collection":[{"href":"https:\/\/zonaroja.com.mx\/index.php?rest_route=\/wp\/v2\/posts"}],"about":[{"href":"https:\/\/zonaroja.com.mx\/index.php?rest_route=\/wp\/v2\/types\/post"}],"author":[{"embeddable":true,"href":"https:\/\/zonaroja.com.mx\/index.php?rest_route=\/wp\/v2\/users\/2"}],"replies":[{"embeddable":true,"href":"https:\/\/zonaroja.com.mx\/index.php?rest_route=%2Fwp%2Fv2%2Fcomments&post=38338"}],"version-history":[{"count":1,"href":"https:\/\/zonaroja.com.mx\/index.php?rest_route=\/wp\/v2\/posts\/38338\/revisions"}],"predecessor-version":[{"id":38340,"href":"https:\/\/zonaroja.com.mx\/index.php?rest_route=\/wp\/v2\/posts\/38338\/revisions\/38340"}],"wp:featuredmedia":[{"embeddable":true,"href":"https:\/\/zonaroja.com.mx\/index.php?rest_route=\/wp\/v2\/media\/38339"}],"wp:attachment":[{"href":"https:\/\/zonaroja.com.mx\/index.php?rest_route=%2Fwp%2Fv2%2Fmedia&parent=38338"}],"wp:term":[{"taxonomy":"category","embeddable":true,"href":"https:\/\/zonaroja.com.mx\/index.php?rest_route=%2Fwp%2Fv2%2Fcategories&post=38338"},{"taxonomy":"post_tag","embeddable":true,"href":"https:\/\/zonaroja.com.mx\/index.php?rest_route=%2Fwp%2Fv2%2Ftags&post=38338"}],"curies":[{"name":"wp","href":"https:\/\/api.w.org\/{rel}","templated":true}]}}