{"id":3834,"date":"2019-09-10T13:41:57","date_gmt":"2019-09-10T18:41:57","guid":{"rendered":"https:\/\/www.zonaroja.com.mx\/?p=3834"},"modified":"2019-09-10T13:41:58","modified_gmt":"2019-09-10T18:41:58","slug":"homicidios-cotidianos-en-oaxaca-asesinan-a-comerciante-en-huazolotitlan","status":"publish","type":"post","link":"https:\/\/zonaroja.com.mx\/?p=3834","title":{"rendered":"Homicidios cotidianos en Oaxaca; asesinan a comerciante en Huazolotitl\u00e1n"},"content":{"rendered":"\n<p>Redacci\u00f3n\/Zona Roja. <\/p>\n\n\n\n<p>Oaxaca de Ju\u00e1rez, Oax., 10 de septiembre de 2019.- Los homicidios contin\u00faan en la entidad oaxaque\u00f1a, sin que la Guardia Nacional demuestre su efectividad con su presencia, como tampoco los operativos policiacos de la Secretar\u00eda de Seguridad P\u00fablica. <\/p>\n\n\n\n<p>La ma\u00f1ana de este martes, en Jos\u00e9 Mar\u00eda Morelos, Agencia del municipio de Santa Mar\u00eda Huazolotitl\u00e1n, fue ultimado a balazos un comerciante. <\/p>\n\n\n\n<p>El hombre se dispon\u00eda a abrir su local de tortiller\u00eda para iniciar sus actividades, cuando sujetos desconocidos le dispararon, presuntamente para cometer un asalto. <\/p>\n\n\n\n<p>Personal de seguridad municipal arrib\u00f3 para acordonar la zona y posteriormente llegaron elementos de la Agencia Estatal de Investigaciones para iniciar las indagatorias. <\/p>\n\n\n\n<p><\/p>\n","protected":false},"excerpt":{"rendered":"<p>Redacci\u00f3n\/Zona Roja. Oaxaca de Ju\u00e1rez, Oax., 10 de septiembre de 2019.- Los homicidios contin\u00faan en&hellip;<\/p>\n","protected":false},"author":2,"featured_media":3411,"comment_status":"closed","ping_status":"open","sticky":false,"template":"","format":"standard","meta":{"_lmt_disableupdate":"","_lmt_disable":"","_jetpack_memberships_contains_paid_content":false,"footnotes":""},"categories":[1],"tags":[],"class_list":["post-3834","post","type-post","status-publish","format-standard","has-post-thumbnail","hentry","category-sin-categoria"],"jetpack_featured_media_url":"https:\/\/zonaroja.com.mx\/wp-content\/uploads\/2019\/08\/Asesinatos-2.jpg","jetpack_sharing_enabled":true,"_links":{"self":[{"href":"https:\/\/zonaroja.com.mx\/index.php?rest_route=\/wp\/v2\/posts\/3834","targetHints":{"allow":["GET"]}}],"collection":[{"href":"https:\/\/zonaroja.com.mx\/index.php?rest_route=\/wp\/v2\/posts"}],"about":[{"href":"https:\/\/zonaroja.com.mx\/index.php?rest_route=\/wp\/v2\/types\/post"}],"author":[{"embeddable":true,"href":"https:\/\/zonaroja.com.mx\/index.php?rest_route=\/wp\/v2\/users\/2"}],"replies":[{"embeddable":true,"href":"https:\/\/zonaroja.com.mx\/index.php?rest_route=%2Fwp%2Fv2%2Fcomments&post=3834"}],"version-history":[{"count":1,"href":"https:\/\/zonaroja.com.mx\/index.php?rest_route=\/wp\/v2\/posts\/3834\/revisions"}],"predecessor-version":[{"id":3835,"href":"https:\/\/zonaroja.com.mx\/index.php?rest_route=\/wp\/v2\/posts\/3834\/revisions\/3835"}],"wp:featuredmedia":[{"embeddable":true,"href":"https:\/\/zonaroja.com.mx\/index.php?rest_route=\/wp\/v2\/media\/3411"}],"wp:attachment":[{"href":"https:\/\/zonaroja.com.mx\/index.php?rest_route=%2Fwp%2Fv2%2Fmedia&parent=3834"}],"wp:term":[{"taxonomy":"category","embeddable":true,"href":"https:\/\/zonaroja.com.mx\/index.php?rest_route=%2Fwp%2Fv2%2Fcategories&post=3834"},{"taxonomy":"post_tag","embeddable":true,"href":"https:\/\/zonaroja.com.mx\/index.php?rest_route=%2Fwp%2Fv2%2Ftags&post=3834"}],"curies":[{"name":"wp","href":"https:\/\/api.w.org\/{rel}","templated":true}]}}