{"id":38343,"date":"2022-03-03T21:37:47","date_gmt":"2022-03-04T03:37:47","guid":{"rendered":"http:\/\/www.zonaroja.com.mx\/?p=38343"},"modified":"2022-03-03T21:38:38","modified_gmt":"2022-03-04T03:38:38","slug":"y-la-segrego-con-quema-de-llantas-termina-enesimo-dia-de-caos-en-oaxaca","status":"publish","type":"post","link":"https:\/\/zonaroja.com.mx\/?p=38343","title":{"rendered":"\u00bfY la Segrego? Con quema de llantas termina en\u00e9simo d\u00eda de caos en Oaxaca"},"content":{"rendered":"\n<p>Yuridiana Sosa\/Zona Roja.<\/p>\n\n\n\n<p>Oaxaca de Ju\u00e1rez, Oax., 3 de marzo de 2022.- Por cuarto d\u00eda consecutivo, los oaxaque\u00f1os volvieron a sufrir de la serie de protestas en la capital del estado contra autoridades estatales y locales, adem\u00e1s, que en esta jornada se registr\u00f3 un bloqueo en la regi\u00f3n de la Cuenca.<\/p>\n\n\n\n<p>Desde temprana hora de este jueves, los egresados normalistas realizaron la retenci\u00f3n de al menos ocho unidades del transporte urbano en distintas calles del Centro Hist\u00f3rico de Oaxaca para movilizarse a distintos puntos de la capital, sin retirar el campamento-plant\u00f3n que mantienen frente al edificio de la Secci\u00f3n 22 del SNTE en la calle de Armenta y L\u00f3pez.<\/p>\n\n\n\n<p>Tras ello bloquearon la calle de Violetas, en inmediaciones de las oficinas del Instituto Estatal de Educaci\u00f3n P\u00fablica de Oaxaca (IEEPO) de la colonia Reforma, donde tambi\u00e9n se present\u00f3 una obstrucci\u00f3n al paso en la intersecci\u00f3n de Fuerza A\u00e9rea y Colegio Militar.<\/p>\n\n\n\n<p>Fue despu\u00e9s de las 21:00 horas que, tras quemar llantas sobre el pavimento y frente a las oficinas, en que se retiraron al centro de la ciudad; ma\u00f1ana prev\u00e9n reanudar su jornada de bloqueos.<\/p>\n\n\n\n<figure class=\"wp-block-embed is-type-rich is-provider-twitter wp-block-embed-twitter\"><div class=\"wp-block-embed__wrapper\">\n<div class=\"twitter-tweet\"><blockquote class=\"twitter-tweet\" data-lang=\"es\"><p lang=\"es\" dir=\"ltr\"><a href=\"https:\/\/twitter.com\/hashtag\/%C3%9AltimoMinuto?src=hash&amp;ref_src=twsrc%5Etfw\">#\u00daltimoMinuto<\/a><br>Mantienen egresados normalistas actos vand\u00e1licos en la ciudad de <a href=\"https:\/\/twitter.com\/hashtag\/Oaxaca?src=hash&amp;ref_src=twsrc%5Etfw\">#Oaxaca<\/a>.<br>Esta noche queman llantas en calle Violetas de la colonia Reforma, frente a unas oficinas del <a href=\"https:\/\/twitter.com\/IEEPOGobOax?ref_src=twsrc%5Etfw\">@IEEPOGobOax<\/a>.<br>Insisten en ser contratados pese a no tener t\u00edtulo; piden exentarlos de requisitos. <a href=\"https:\/\/t.co\/OxWGUwnOg8\">pic.twitter.com\/OxWGUwnOg8<\/a><\/p>&mdash; Zona Roja Oaxaca (@ZonaRoja_Oaxaca) <a href=\"https:\/\/twitter.com\/ZonaRoja_Oaxaca\/status\/1499573399730982915?ref_src=twsrc%5Etfw\">4 de marzo de 2022<\/a><\/blockquote><\/div>\n<\/div><\/figure>\n\n\n\n<p>Entre otras de las primeras afectaciones viales que se registraron fue por parte de un grupo de habitantes de San Miguel del Valle, del municipio de Villa de D\u00edaz Ordaz, del distrito de Tlacolula, de la regi\u00f3n de los Valles Centrales de Oaxaca.<\/p>\n\n\n\n<p>Los pobladores bloquearon, con una cuerda y valla humana, la primera calle de Nezahualc\u00f3yotl, en la colonia Reforma, as\u00ed como \u201ctomaron\u201d las oficinas de la Comisi\u00f3n Nacional Forestal (Conafor), donde retuvieron al personal, para exigir la renuncia de encargado de la delegaci\u00f3n en Oaxaca, \u00d3scar Mej\u00eda G\u00f3mez, as\u00ed como saneamiento de bosques.<\/p>\n\n\n\n<p>Adem\u00e1s, retuvieron al personal y mandos de esa dependencia federal, mismos que liberaron despu\u00e9s de las 21:00 horas.<\/p>\n\n\n\n<p>M\u00e1s tarde, integrantes del Sindicato de Trabajadores y Empleados de Universidad Aut\u00f3noma \u201cBenito Ju\u00e1rez\u201d de Oaxaca (STEUABJO), de la fracci\u00f3n de Julio Mora, instalaron bloqueos, luego que no se llev\u00f3 a acabo de reuni\u00f3n revista en la Junta Local de Conciliaci\u00f3n y Arbitraje de Oaxaca.<\/p>\n\n\n\n<figure class=\"wp-block-embed is-type-rich is-provider-twitter wp-block-embed-twitter\"><div class=\"wp-block-embed__wrapper\">\n<div class=\"twitter-tweet\"><blockquote class=\"twitter-tweet\" data-lang=\"es\"><p lang=\"es\" dir=\"ltr\"><a href=\"https:\/\/twitter.com\/hashtag\/%C3%9AltimoMinuto?src=hash&amp;ref_src=twsrc%5Etfw\">#\u00daltimoMinuto<\/a> <br>Violentos, integrantes de la STEUABJO que dirige Julio Mora, se apoderan de varios camiones de transporte urbano, para bloquear de nuevo el bulevar Eduardo Vasconcelos de la capital oaxaque\u00f1a. <a href=\"https:\/\/t.co\/pg4jX9xBcx\">pic.twitter.com\/pg4jX9xBcx<\/a><\/p>&mdash; Zona Roja Oaxaca (@ZonaRoja_Oaxaca) <a href=\"https:\/\/twitter.com\/ZonaRoja_Oaxaca\/status\/1499455466300137474?ref_src=twsrc%5Etfw\">3 de marzo de 2022<\/a><\/blockquote><\/div>\n<\/div><\/figure>\n\n\n\n<p>Los inconformes cerraron ambos carriles del bulevar Eduardo Vasconcelos con la \u201ctoma\u201d de urbanos del transporte p\u00fablico.<\/p>\n\n\n\n<p>OTRAS MANIFESTACIONES<\/p>\n\n\n\n<p>A su vez, vecinos de la agencia municipal de Candiani, de la capital del estado protestaron en la obra de rehabilitaci\u00f3n del drenaje que se realiza en la avenida de S\u00edmbolos Patrios, la cual suspendieron de forma simb\u00f3lica ante los presuntos da\u00f1os que ha provocado con el colapso de sus drenajes domiciliarios.<\/p>\n\n\n\n<p>Mientras que el Sindicato \u201c3 de Marzo\u201d del ayuntamiento de Oaxaca de Ju\u00e1rez realiz\u00f3 una calenda para celebrar los 48 a\u00f1os del gremio, misma que caus\u00f3 graves afectaciones viales a su paso desde el crucero de Cinco Se\u00f1ores a la Plaza de la Danza, desplaz\u00e1ndose por calles importantes para la circulaci\u00f3n vial de la ciudad.<\/p>\n\n\n\n<p>Adem\u00e1s, un grupo de supervisores y jefes de sector de primarias generales adheridos a la Secci\u00f3n 22 del Sindicato Nacional de Trabajadores de la Educaci\u00f3n (SNTE) tambi\u00e9n se manifest\u00f3 para exigir a las autoridades cumplimiento a sus demandas, por lo que instalaron un cierre a la circulaci\u00f3n en Calzada de la Rep\u00fablica y calle de Abasolo.<\/p>\n\n\n\n<figure class=\"wp-block-embed is-type-rich is-provider-twitter wp-block-embed-twitter\"><div class=\"wp-block-embed__wrapper\">\n<div class=\"twitter-tweet\"><blockquote class=\"twitter-tweet\" data-lang=\"es\"><p lang=\"es\" dir=\"ltr\">\u00bfC\u00f3mo ve? Comparten video de la actitud agresiva e intolerante del ex dirigente de la Secci\u00f3n 22 del SNTE, Erangelio Mendoza, con los medios de comunicaci\u00f3n qu\u00e9 buscaban entrevistarlo, en el marco del bloqueo que realizan en la capital de <a href=\"https:\/\/twitter.com\/hashtag\/Oaxaca?src=hash&amp;ref_src=twsrc%5Etfw\">#Oaxaca<\/a>. <a href=\"https:\/\/twitter.com\/nathanoax?ref_src=twsrc%5Etfw\">@nathanoax<\/a> <a href=\"https:\/\/twitter.com\/ELPINERO?ref_src=twsrc%5Etfw\">@ELPINERO<\/a> <a href=\"https:\/\/t.co\/LJyoyAtJd9\">pic.twitter.com\/LJyoyAtJd9<\/a><\/p>&mdash; Zona Roja Oaxaca (@ZonaRoja_Oaxaca) <a href=\"https:\/\/twitter.com\/ZonaRoja_Oaxaca\/status\/1499529997521981441?ref_src=twsrc%5Etfw\">3 de marzo de 2022<\/a><\/blockquote><\/div>\n<\/div><\/figure>\n\n\n\n<p>Los trabajadores de la educaci\u00f3n apuntaron que el IEEPO no ofrece una atenci\u00f3n integral, por lo que de no entablar una mesa de di\u00e1logo para abordar temas como ascensos del personal de directores a supervisores, y a jefes de sectores, as\u00ed como la contrataci\u00f3n de normalistas de manera directa, continuar\u00e1n con movilizaciones.<\/p>\n\n\n\n<p>En tanto, la organizaci\u00f3n Antorcha Campesina mantiene su \u00abplant\u00f3n\u00bb frente a Ciudad Administrativa, sobre la calle lateral de la carretera federal 190 en Tlalixtac de Cabrera, sin afectar la circulaci\u00f3n en la v\u00eda principal ni en los accesos al complejo.<\/p>\n\n\n\n<p>Por otra parte, la organizaci\u00f3n \u00abSol Rojo\u00bb, que provoc\u00f3 graves afectaciones en la capital este mi\u00e9rcoles, levant\u00f3 el plant\u00f3n que manten\u00edan frente a Casa Oficial en la avenida Ju\u00e1rez de la capital del estado.<\/p>\n\n\n\n<p>EN LA CUENCA<\/p>\n\n\n\n<p>Mototaxistas de la comunidad de Santa Fe y la Mar, de Valle Nacional, respaldado por la organizaci\u00f3n Frente Popular Revolucionario (FPR) \u201ctomaron\u201d las instalaciones del Palacio Municipal y bloquearon la carretera federal 175 Tuxtepec- Oaxaca.<\/p>\n\n\n\n<p>Los manifestantes exigen la intervenci\u00f3n de la autoridad municipal para mediar un conflicto entre los mototaxistas de esa comunidad y los de la cabecera municipal, quienes han expresado su rechazo a la circulaci\u00f3n de estas unidades, por lo que tratan de evitar un mayor problema.<\/p>\n","protected":false},"excerpt":{"rendered":"<p>Yuridiana Sosa\/Zona Roja. Oaxaca de Ju\u00e1rez, Oax., 3 de marzo de 2022.- Por cuarto d\u00eda&hellip;<\/p>\n","protected":false},"author":2,"featured_media":38344,"comment_status":"closed","ping_status":"open","sticky":false,"template":"","format":"standard","meta":{"_lmt_disableupdate":"","_lmt_disable":"","_jetpack_memberships_contains_paid_content":false,"footnotes":""},"categories":[109,47],"tags":[2264],"class_list":["post-38343","post","type-post","status-publish","format-standard","has-post-thumbnail","hentry","category-minuto-a-minuto","category-zona-gris","tag-bloqueos-y-protestas-oaxaca"],"jetpack_featured_media_url":"https:\/\/zonaroja.com.mx\/wp-content\/uploads\/2022\/03\/Bloqueos-Conafor-Santa-Ana-del-Valle.jpg","jetpack_sharing_enabled":true,"_links":{"self":[{"href":"https:\/\/zonaroja.com.mx\/index.php?rest_route=\/wp\/v2\/posts\/38343","targetHints":{"allow":["GET"]}}],"collection":[{"href":"https:\/\/zonaroja.com.mx\/index.php?rest_route=\/wp\/v2\/posts"}],"about":[{"href":"https:\/\/zonaroja.com.mx\/index.php?rest_route=\/wp\/v2\/types\/post"}],"author":[{"embeddable":true,"href":"https:\/\/zonaroja.com.mx\/index.php?rest_route=\/wp\/v2\/users\/2"}],"replies":[{"embeddable":true,"href":"https:\/\/zonaroja.com.mx\/index.php?rest_route=%2Fwp%2Fv2%2Fcomments&post=38343"}],"version-history":[{"count":2,"href":"https:\/\/zonaroja.com.mx\/index.php?rest_route=\/wp\/v2\/posts\/38343\/revisions"}],"predecessor-version":[{"id":38346,"href":"https:\/\/zonaroja.com.mx\/index.php?rest_route=\/wp\/v2\/posts\/38343\/revisions\/38346"}],"wp:featuredmedia":[{"embeddable":true,"href":"https:\/\/zonaroja.com.mx\/index.php?rest_route=\/wp\/v2\/media\/38344"}],"wp:attachment":[{"href":"https:\/\/zonaroja.com.mx\/index.php?rest_route=%2Fwp%2Fv2%2Fmedia&parent=38343"}],"wp:term":[{"taxonomy":"category","embeddable":true,"href":"https:\/\/zonaroja.com.mx\/index.php?rest_route=%2Fwp%2Fv2%2Fcategories&post=38343"},{"taxonomy":"post_tag","embeddable":true,"href":"https:\/\/zonaroja.com.mx\/index.php?rest_route=%2Fwp%2Fv2%2Ftags&post=38343"}],"curies":[{"name":"wp","href":"https:\/\/api.w.org\/{rel}","templated":true}]}}