{"id":38356,"date":"2022-03-04T08:10:19","date_gmt":"2022-03-04T14:10:19","guid":{"rendered":"http:\/\/www.zonaroja.com.mx\/?p=38356"},"modified":"2022-03-04T08:10:21","modified_gmt":"2022-03-04T14:10:21","slug":"aspiran-seis-a-la-diputacion-por-acatlan-en-eleccion-extraordinaria","status":"publish","type":"post","link":"https:\/\/zonaroja.com.mx\/?p=38356","title":{"rendered":"Aspiran seis a la diputaci\u00f3n por Acatl\u00e1n, en elecci\u00f3n extraordinaria"},"content":{"rendered":"\n<p>Redacci\u00f3n\/Zona Roja.<\/p>\n\n\n\n<p>Oaxaca de Ju\u00e1rez, Oax., 4 de marzo de 2002.- El Consejo General del Instituto Estatal Electoral y de Participaci\u00f3n Ciudadana de Oaxaca (IEEPCO) aprob\u00f3 anoche el registro de candidaturas a la Diputaci\u00f3n por el Principio de Mayor\u00eda Relativa del 01 Distrito Electoral Local con cabecera en Acatl\u00e1n de P\u00e9rez Figueroa, postuladas por los partidos pol\u00edticos y candidatura com\u00fan, para la elecci\u00f3n extraordinaria que se realizar\u00e1 el pr\u00f3ximo 27 de marzo.&nbsp;<\/p>\n\n\n\n<p>Con lo anterior, la consejera presidenta Elizabeth S\u00e1nchez Gonz\u00e1lez; las consejeras Carmelita Sibaja Ochoa, Jessica Jazibe Hern\u00e1ndez Garc\u00eda, Nayma Enr\u00edquez Estrada y Zaira Alhel\u00ed Hip\u00f3lito L\u00f3pez; as\u00ed como los consejeros Alejandro Carrasco Sampedro y Wilfrido Lulio Almaraz Santib\u00e1\u00f1ez, acordaron expedir las constancias correspondientes a quienes encabezan dichas candidaturas. &nbsp;<\/p>\n\n\n\n<p>Se trata de Virginia Patricia V\u00e1squez Garc\u00eda por la candidatura com\u00fan entre el PAN y Nueva Alianza; Manuel Alvarez Lascurain por el PRI; Emilia Cortes Utrera por Movimiento Ciudadano; Bartolo Carrera Palacios por Morena; Silvia Sierra Juan por Encuentro Social; y Sim\u00f3n Alcala Valdez por Fuerza por M\u00e9xico. &nbsp;<\/p>\n\n\n\n<p>En este mismo sentido y de manera un\u00e1nime, determinaron que los partidos pol\u00edticos y la candidatura com\u00fan referida cumplen con el principio de paridad de g\u00e9nero y acciones afirmativas con la que participaron en el Proceso Electoral Ordinario 2020-2021. &nbsp;<\/p>\n\n\n\n<p>Por lo anterior se instruy\u00f3 que, en t\u00e9rminos de lo dispuesto por el art\u00edculo 187, p\u00e1rrafo 6 de la Ley de Instituciones y Procedimientos Electorales del Estado de Oaxaca (LIPEEO), se comunique al Consejo Distrital Electoral correspondiente, para su conocimiento y efectos conducentes.&nbsp;<\/p>\n\n\n\n<p>A partir de este viernes 4 de marzo y hasta el 23 del mismo mes, las personas registradas ante el IEEPCO podr\u00e1n desarrollar actos proselitistas y llamados al voto, de acuerdo a lo dispuesto por el art\u00edculo 185, p\u00e1rrafo 3 de la LIPEEO.&nbsp;<\/p>\n","protected":false},"excerpt":{"rendered":"<p>Redacci\u00f3n\/Zona Roja. Oaxaca de Ju\u00e1rez, Oax., 4 de marzo de 2002.- El Consejo General del&hellip;<\/p>\n","protected":false},"author":2,"featured_media":38357,"comment_status":"closed","ping_status":"open","sticky":false,"template":"","format":"standard","meta":{"_lmt_disableupdate":"","_lmt_disable":"","_jetpack_memberships_contains_paid_content":false,"footnotes":""},"categories":[109,46],"tags":[2932],"class_list":["post-38356","post","type-post","status-publish","format-standard","has-post-thumbnail","hentry","category-minuto-a-minuto","category-zona-blanca","tag-instituto-estatal-electoral-y-de-participacion-ciudadana-de-oaxaca-ieepco"],"jetpack_featured_media_url":"https:\/\/zonaroja.com.mx\/wp-content\/uploads\/2022\/03\/Sesion-IEEPCO-3-marzo.jpg","jetpack_sharing_enabled":true,"_links":{"self":[{"href":"https:\/\/zonaroja.com.mx\/index.php?rest_route=\/wp\/v2\/posts\/38356","targetHints":{"allow":["GET"]}}],"collection":[{"href":"https:\/\/zonaroja.com.mx\/index.php?rest_route=\/wp\/v2\/posts"}],"about":[{"href":"https:\/\/zonaroja.com.mx\/index.php?rest_route=\/wp\/v2\/types\/post"}],"author":[{"embeddable":true,"href":"https:\/\/zonaroja.com.mx\/index.php?rest_route=\/wp\/v2\/users\/2"}],"replies":[{"embeddable":true,"href":"https:\/\/zonaroja.com.mx\/index.php?rest_route=%2Fwp%2Fv2%2Fcomments&post=38356"}],"version-history":[{"count":1,"href":"https:\/\/zonaroja.com.mx\/index.php?rest_route=\/wp\/v2\/posts\/38356\/revisions"}],"predecessor-version":[{"id":38358,"href":"https:\/\/zonaroja.com.mx\/index.php?rest_route=\/wp\/v2\/posts\/38356\/revisions\/38358"}],"wp:featuredmedia":[{"embeddable":true,"href":"https:\/\/zonaroja.com.mx\/index.php?rest_route=\/wp\/v2\/media\/38357"}],"wp:attachment":[{"href":"https:\/\/zonaroja.com.mx\/index.php?rest_route=%2Fwp%2Fv2%2Fmedia&parent=38356"}],"wp:term":[{"taxonomy":"category","embeddable":true,"href":"https:\/\/zonaroja.com.mx\/index.php?rest_route=%2Fwp%2Fv2%2Fcategories&post=38356"},{"taxonomy":"post_tag","embeddable":true,"href":"https:\/\/zonaroja.com.mx\/index.php?rest_route=%2Fwp%2Fv2%2Ftags&post=38356"}],"curies":[{"name":"wp","href":"https:\/\/api.w.org\/{rel}","templated":true}]}}