{"id":38359,"date":"2022-03-04T08:12:49","date_gmt":"2022-03-04T14:12:49","guid":{"rendered":"http:\/\/www.zonaroja.com.mx\/?p=38359"},"modified":"2022-03-04T08:12:51","modified_gmt":"2022-03-04T14:12:51","slug":"colaboran-sociedad-civil-y-academicos-con-boletin-digital-sobre-dh-genero-y-justicia","status":"publish","type":"post","link":"https:\/\/zonaroja.com.mx\/?p=38359","title":{"rendered":"Colaboran sociedad civil y acad\u00e9micos con Bolet\u00edn digital sobre DH, G\u00e9nero y Justicia"},"content":{"rendered":"\n<p>Redacci\u00f3n\/Zona Roja.<\/p>\n\n\n\n<p>Oaxaca de Ju\u00e1rez, Oax., 4 de marzo de 2002.- Con 25 ediciones digitales, el bolet\u00edn \u201cDerechos Humanos, G\u00e9nero y Justicia\u201d que edita el Poder Judicial del Estado, a trav\u00e9s de la Direcci\u00f3n de Derechos Humanos del Consejo de la Judicatura, se ha afianzado como un espacio de reflexi\u00f3n sobre t\u00f3picos actuales y la manera en que se administra la justicia desde perspectivas como g\u00e9nero, pluralismo jur\u00eddico, interculturalidad y derechos humanos.<\/p>\n\n\n\n<p>Con las colaboraciones de especialistas, acad\u00e9micos, universitarios y sociedad civil organizada, a trav\u00e9s de esta publicaci\u00f3n se busca construir un pensamiento comprometido con los Derechos Humanos, en todos los \u00e1mbitos, incluido el jurisdiccional.<\/p>\n\n\n\n<p>En la edici\u00f3n n\u00famero 25, se presentan los art\u00edculos de la maestra M\u00f3nica Z\u00e1rate Apak quien comparte un an\u00e1lisis jur\u00eddico de unAmparo en Revisi\u00f3n, que tiene como finalidad comentar laimportancia que reviste que en todas las decisiones que afectendirecta o indirectamente a los ni\u00f1as y ni\u00f1os sean interpretadas deconformidad con el Inter\u00e9s Superior de la Ni\u00f1ez y los tratadosinternacionales favoreciendo en todo momento la protecci\u00f3n m\u00e1samplia de sus derechos humanos.<\/p>\n\n\n\n<p>De la misma forma, se difunde la colaboraci\u00f3n de un jovenestudioso del Derecho, Antonio Guti\u00e9rrez Victoria, que a trav\u00e9s del tema de las Redes Sociales, hace reflexionar sobre las grandes transformaciones sociales generadas por las actuales formas de comunicarnos, mediante las que establecemos nuevas formas de convivencia y organizaci\u00f3n social, d\u00f3nde el celular podr\u00eda ser el nuevo pan\u00f3ptico digital.<\/p>\n\n\n\n<p>As\u00ed mismo, se dan a conocer las acciones realizadas tanto por la Direcci\u00f3n de Derechos Humanos como por el Poder Judicial del Estado dando cabida a la conferencia magistral \u201cPluralismo jur\u00eddico en Estados y sociedades plurinacionales\u201d, impartida por Nina Pacari, con la cual concluyeron las actividades del \u201cCurso Especializado en Derechos Ind\u00edgenas\u201d.<\/p>\n\n\n\n<p>Esta actividad, fue organizada de manera coordinada entre el Poder Judicial del Estado de Oaxaca, el Instituto Nacional de los Pueblos Ind\u00edgena (INPI), el Centro de Investigaciones y Estudios Superiores en Antropolog\u00eda Social (CIESAS) y el Programa Pluralismo Jur\u00eddico y Eficacia de Derecho (PLURAL-CIESAS).&nbsp;<\/p>\n\n\n\n<p>La versi\u00f3n digital se encuentra disponible para su consulta y descarga a trav\u00e9s del enlace: https:\/\/drive.google.com\/file\/d\/15vtjL9k7ZL9ZxgkbBjer6TJerr9_WPhk\/view, las redes oficiales de la Direcci\u00f3n de Derechos Humanos del Consejo de la Judicatura en twitter @DerechosDh y Facebook www.facebook.com\/DerechosHumanosPJEO; as\u00ed como del Tribunal Superior de Justicia.<\/p>\n","protected":false},"excerpt":{"rendered":"<p>Redacci\u00f3n\/Zona Roja. Oaxaca de Ju\u00e1rez, Oax., 4 de marzo de 2002.- Con 25 ediciones digitales,&hellip;<\/p>\n","protected":false},"author":2,"featured_media":38360,"comment_status":"closed","ping_status":"open","sticky":false,"template":"","format":"standard","meta":{"_lmt_disableupdate":"","_lmt_disable":"","_jetpack_memberships_contains_paid_content":false,"footnotes":""},"categories":[109,46],"tags":[],"class_list":["post-38359","post","type-post","status-publish","format-standard","has-post-thumbnail","hentry","category-minuto-a-minuto","category-zona-blanca"],"jetpack_featured_media_url":"https:\/\/zonaroja.com.mx\/wp-content\/uploads\/2022\/03\/Poder-Judicial-Oaxaca-1.jpg","jetpack_sharing_enabled":true,"_links":{"self":[{"href":"https:\/\/zonaroja.com.mx\/index.php?rest_route=\/wp\/v2\/posts\/38359","targetHints":{"allow":["GET"]}}],"collection":[{"href":"https:\/\/zonaroja.com.mx\/index.php?rest_route=\/wp\/v2\/posts"}],"about":[{"href":"https:\/\/zonaroja.com.mx\/index.php?rest_route=\/wp\/v2\/types\/post"}],"author":[{"embeddable":true,"href":"https:\/\/zonaroja.com.mx\/index.php?rest_route=\/wp\/v2\/users\/2"}],"replies":[{"embeddable":true,"href":"https:\/\/zonaroja.com.mx\/index.php?rest_route=%2Fwp%2Fv2%2Fcomments&post=38359"}],"version-history":[{"count":1,"href":"https:\/\/zonaroja.com.mx\/index.php?rest_route=\/wp\/v2\/posts\/38359\/revisions"}],"predecessor-version":[{"id":38361,"href":"https:\/\/zonaroja.com.mx\/index.php?rest_route=\/wp\/v2\/posts\/38359\/revisions\/38361"}],"wp:featuredmedia":[{"embeddable":true,"href":"https:\/\/zonaroja.com.mx\/index.php?rest_route=\/wp\/v2\/media\/38360"}],"wp:attachment":[{"href":"https:\/\/zonaroja.com.mx\/index.php?rest_route=%2Fwp%2Fv2%2Fmedia&parent=38359"}],"wp:term":[{"taxonomy":"category","embeddable":true,"href":"https:\/\/zonaroja.com.mx\/index.php?rest_route=%2Fwp%2Fv2%2Fcategories&post=38359"},{"taxonomy":"post_tag","embeddable":true,"href":"https:\/\/zonaroja.com.mx\/index.php?rest_route=%2Fwp%2Fv2%2Ftags&post=38359"}],"curies":[{"name":"wp","href":"https:\/\/api.w.org\/{rel}","templated":true}]}}