{"id":3836,"date":"2019-09-10T15:43:41","date_gmt":"2019-09-10T20:43:41","guid":{"rendered":"http:\/\/www.zonaroja.com.mx\/?p=3836"},"modified":"2019-09-10T15:43:43","modified_gmt":"2019-09-10T20:43:43","slug":"dos-muertos-y-tres-heridos-saldo-del-enfrentamiento-entre-quetzaltepec-y-chuxnaban","status":"publish","type":"post","link":"https:\/\/zonaroja.com.mx\/?p=3836","title":{"rendered":"Dos muertos y tres heridos, saldo del enfrentamiento entre Quetzaltepec y Chuxnab\u00e1n"},"content":{"rendered":"\n<p>Redacci\u00f3n\/Zona\nRoja.<\/p>\n\n\n\n<p>Oaxaca de\nJu\u00e1rez, Oax., 10 de septiembre de 2019.- Dos personas fallecidas y tres lesionadas\na balazos es el saldo preliminar de la agresi\u00f3n armada entre San Miguel\nQuetzaltepec y San Juan Bosco Chuxnab\u00e1n, confirm\u00f3 hoy la Fiscal\u00eda General del\nEstado de Oaxaca.<\/p>\n\n\n\n<p>En una\nimagen de comunicado difundida en sus redes sociales, atribuy\u00f3 los hechos\nviolentos \u201cderivado de un conflicto agrario entre pobladores de ambas\ncomunidades\u201d, aunque no precis\u00f3 de qu\u00e9 lugar son los fallecidos y heridos.<\/p>\n\n\n\n<p>Los delitos\nse perpetraron ayer por la tarde, por lo cual la Vicefiscal\u00eda Regional de\nValles Centrales inici\u00f3 la Carpeta de Investigaci\u00f3n 31380\/FVCE\/TLACOLULA\/2019\npor los delitos de homicidio y lesiones.<\/p>\n\n\n\n<p>No obstante,\nde acuerdo con pobladores de la agencia de Chuxnab\u00e1n, ellos fueron los\nagredidos por Quetzaltepec y el problema no es agrario, sino porque la cabecera\nmunicipal se niega a entregarles recursos presupuestales que les corresponden.<\/p>\n\n\n\n<p>Dieron a\nconocer que las v\u00edctimas fueron emboscadas en el paraje \u201cEl Mirador\u201d, y\nrespond\u00edan a los nombres de Domingo Mart\u00ednez P\u00e9rez, de 41 a\u00f1os de edad, y\nEusebio P\u00e9rez, de 39 a\u00f1os.<\/p>\n\n\n\n<p>Desmintieron\na la Fiscal\u00eda y precisaron que son cinco heridos, no tres, por lo cual\nexigieron investigar los hechos y castigar a los responsables. <\/p>\n\n\n\n<p>Lamentaron\nque a pesar de los reiterados llamados al gobierno federal para que la Guardia\nNacional resguarde la zona, hasta ahora sus visitas han sido espor\u00e1dicas y se\nhan limitado a quedarse en Quetzaltepec, la cabecera municipal.<\/p>\n","protected":false},"excerpt":{"rendered":"<p>Redacci\u00f3n\/Zona Roja. Oaxaca de Ju\u00e1rez, Oax., 10 de septiembre de 2019.- Dos personas fallecidas y&hellip;<\/p>\n","protected":false},"author":2,"featured_media":3837,"comment_status":"closed","ping_status":"open","sticky":false,"template":"","format":"standard","meta":{"_lmt_disableupdate":"","_lmt_disable":"","_jetpack_memberships_contains_paid_content":false,"footnotes":""},"categories":[109,51],"tags":[348],"class_list":["post-3836","post","type-post","status-publish","format-standard","has-post-thumbnail","hentry","category-minuto-a-minuto","category-zona-roja","tag-enfrentamiento-san-juan-bosco-chuxnaban-y-san-miguel-quetzaltepec"],"jetpack_featured_media_url":"https:\/\/zonaroja.com.mx\/wp-content\/uploads\/2019\/09\/IMG_7519.jpg","jetpack_sharing_enabled":true,"_links":{"self":[{"href":"https:\/\/zonaroja.com.mx\/index.php?rest_route=\/wp\/v2\/posts\/3836","targetHints":{"allow":["GET"]}}],"collection":[{"href":"https:\/\/zonaroja.com.mx\/index.php?rest_route=\/wp\/v2\/posts"}],"about":[{"href":"https:\/\/zonaroja.com.mx\/index.php?rest_route=\/wp\/v2\/types\/post"}],"author":[{"embeddable":true,"href":"https:\/\/zonaroja.com.mx\/index.php?rest_route=\/wp\/v2\/users\/2"}],"replies":[{"embeddable":true,"href":"https:\/\/zonaroja.com.mx\/index.php?rest_route=%2Fwp%2Fv2%2Fcomments&post=3836"}],"version-history":[{"count":1,"href":"https:\/\/zonaroja.com.mx\/index.php?rest_route=\/wp\/v2\/posts\/3836\/revisions"}],"predecessor-version":[{"id":3838,"href":"https:\/\/zonaroja.com.mx\/index.php?rest_route=\/wp\/v2\/posts\/3836\/revisions\/3838"}],"wp:featuredmedia":[{"embeddable":true,"href":"https:\/\/zonaroja.com.mx\/index.php?rest_route=\/wp\/v2\/media\/3837"}],"wp:attachment":[{"href":"https:\/\/zonaroja.com.mx\/index.php?rest_route=%2Fwp%2Fv2%2Fmedia&parent=3836"}],"wp:term":[{"taxonomy":"category","embeddable":true,"href":"https:\/\/zonaroja.com.mx\/index.php?rest_route=%2Fwp%2Fv2%2Fcategories&post=3836"},{"taxonomy":"post_tag","embeddable":true,"href":"https:\/\/zonaroja.com.mx\/index.php?rest_route=%2Fwp%2Fv2%2Ftags&post=3836"}],"curies":[{"name":"wp","href":"https:\/\/api.w.org\/{rel}","templated":true}]}}