{"id":38362,"date":"2022-03-04T08:16:48","date_gmt":"2022-03-04T14:16:48","guid":{"rendered":"http:\/\/www.zonaroja.com.mx\/?p=38362"},"modified":"2022-03-04T08:16:50","modified_gmt":"2022-03-04T14:16:50","slug":"pide-la-ddhpo-retorno-a-clases-presenciales-en-oaxaca","status":"publish","type":"post","link":"https:\/\/zonaroja.com.mx\/?p=38362","title":{"rendered":"Pide la DDHPO retorno a clases presenciales en Oaxaca"},"content":{"rendered":"\n<p>Redacci\u00f3n\/Zona Roja.<\/p>\n\n\n\n<p>Oaxaca de Ju\u00e1rez, Oax., 4 de marzo de 2022.- A casi dos a\u00f1os de que el Estado mexicano declarara emergencia sanitaria por el virus \u201cSARS-COV-2\u201d y suspendiera las actividades no esenciales (31 de marzo de 2020), resulta impostergable fortalecer el sistema de salud, educativo y establecer acciones que permitan reactivar la econom\u00eda formal.<\/p>\n\n\n\n<p>As\u00ed lo afirm\u00f3 el titular de la Defensor\u00eda de los Derechos Humanos del Pueblo de Oaxaca (DDHPO), Bernardo Rodr\u00edguez Alamilla, quien sostuvo que la pandemia de Covid-19, ahond\u00f3 las desigualdades existentes e hizo m\u00e1s evidente las deficiencias de insumos y personal en las unidades m\u00e9dicas del pa\u00eds, principalmente las que se encuentran en zonas rurales.<\/p>\n\n\n\n<p>Ante ello, sostuvo que resulta indispensable llevar a cabo una reestructuraci\u00f3n que permita robustecer el sistema de salud, pero tambi\u00e9n en el rubro de investigaci\u00f3n cient\u00edfica para prevenir y atender de manera r\u00e1pida este tipo de eventos que a lo largo de la historia de la humanidad se repiten.<\/p>\n\n\n\n<p>As\u00ed tambi\u00e9n, refiri\u00f3 que, a casi dos a\u00f1os que se suspendiera las actividades escolares presenciales para evitar la propagaci\u00f3n del virus (20 de marzo de 2020) e iniciara la Jornada Nacional de Sana Distancia por la pandemia de Coronavirus, se requieren establecer acciones urgentes en escuelas p\u00fablicas para un retorno seguro en Oaxaca.<\/p>\n\n\n\n<p>Lo anterior, apunt\u00f3, porque resulta fundamental y necesario hacer justiciables los derechos de ni\u00f1as, ni\u00f1os y adolescentes a la educaci\u00f3n, a la convivencia, la participaci\u00f3n, el pleno desarrollo y a la salud.<\/p>\n\n\n\n<p>Sostuvo que, de acuerdo con informaci\u00f3n de los Servicios de Salud de Oaxaca (SSO), la Estrategia de Vacunaci\u00f3n contra el virus SARS-CoV-2 ha aplicado cuatro millones 243 mil 427 dosis, de las cuales, 617 mil 745 son de refuerzo, de \u00e9stas 503 mil 541 se distribuyeron en la poblaci\u00f3n en general; 89 mil 408 para el sector educativo y 24 mil 796 a personal de salud.<\/p>\n\n\n\n<p>Mientras que, la misma instituci\u00f3n inform\u00f3 que, hasta los primeros d\u00edas de marzo se hab\u00edan inmunizado a nueve mil 768 ni\u00f1as, ni\u00f1os y adolescentes de 12 a 17 a\u00f1os con comorbilidades.<\/p>\n\n\n\n<p>En este contexto, Rodr\u00edguez Alamilla apunt\u00f3 que para la DDHPO es importante el regreso a clases para garantizar el ejercicio de m\u00faltiples derechos de ni\u00f1as, ni\u00f1os y adolescentes, por lo que reiter\u00f3 que es indispensable poner en marcha protocolos que garanticen el regreso a clases de manera segura en la entidad.<\/p>\n\n\n\n<p>Tambi\u00e9n, advirti\u00f3 que la pandemia, de acuerdo a diversos an\u00e1lisis econ\u00f3micos, provoc\u00f3 aumento de las condiciones de pobreza y pobreza extrema, as\u00ed como la precarizaci\u00f3n del trabajo y el aumento del trabajo informal.&nbsp;<\/p>\n\n\n\n<p>La disminuci\u00f3n del poder adquisitivo impacta negativamente en el ejercicio de derechos, como la salud, educaci\u00f3n, seguridad social, e incluso el esparcimiento, indic\u00f3 y abund\u00f3 que es prioritario hacer un an\u00e1lisis de los efectos de la pandemia en el pa\u00eds, para establecer rutas que permitan prevenir este tipo de fen\u00f3menos, pero tambi\u00e9n, atender las condiciones actuales y procurar una recuperaci\u00f3n paulatina.<\/p>\n\n\n\n<p>&nbsp;(Comunicado)<\/p>\n","protected":false},"excerpt":{"rendered":"<p>Redacci\u00f3n\/Zona Roja. Oaxaca de Ju\u00e1rez, Oax., 4 de marzo de 2022.- A casi dos a\u00f1os&hellip;<\/p>\n","protected":false},"author":2,"featured_media":27592,"comment_status":"closed","ping_status":"open","sticky":false,"template":"","format":"standard","meta":{"_lmt_disableupdate":"","_lmt_disable":"","_jetpack_memberships_contains_paid_content":false,"footnotes":""},"categories":[109,46],"tags":[287],"class_list":["post-38362","post","type-post","status-publish","format-standard","has-post-thumbnail","hentry","category-minuto-a-minuto","category-zona-blanca","tag-ddhpo"],"jetpack_featured_media_url":"https:\/\/zonaroja.com.mx\/wp-content\/uploads\/2021\/05\/Clases-Campeche.jpg","jetpack_sharing_enabled":true,"_links":{"self":[{"href":"https:\/\/zonaroja.com.mx\/index.php?rest_route=\/wp\/v2\/posts\/38362","targetHints":{"allow":["GET"]}}],"collection":[{"href":"https:\/\/zonaroja.com.mx\/index.php?rest_route=\/wp\/v2\/posts"}],"about":[{"href":"https:\/\/zonaroja.com.mx\/index.php?rest_route=\/wp\/v2\/types\/post"}],"author":[{"embeddable":true,"href":"https:\/\/zonaroja.com.mx\/index.php?rest_route=\/wp\/v2\/users\/2"}],"replies":[{"embeddable":true,"href":"https:\/\/zonaroja.com.mx\/index.php?rest_route=%2Fwp%2Fv2%2Fcomments&post=38362"}],"version-history":[{"count":1,"href":"https:\/\/zonaroja.com.mx\/index.php?rest_route=\/wp\/v2\/posts\/38362\/revisions"}],"predecessor-version":[{"id":38363,"href":"https:\/\/zonaroja.com.mx\/index.php?rest_route=\/wp\/v2\/posts\/38362\/revisions\/38363"}],"wp:featuredmedia":[{"embeddable":true,"href":"https:\/\/zonaroja.com.mx\/index.php?rest_route=\/wp\/v2\/media\/27592"}],"wp:attachment":[{"href":"https:\/\/zonaroja.com.mx\/index.php?rest_route=%2Fwp%2Fv2%2Fmedia&parent=38362"}],"wp:term":[{"taxonomy":"category","embeddable":true,"href":"https:\/\/zonaroja.com.mx\/index.php?rest_route=%2Fwp%2Fv2%2Fcategories&post=38362"},{"taxonomy":"post_tag","embeddable":true,"href":"https:\/\/zonaroja.com.mx\/index.php?rest_route=%2Fwp%2Fv2%2Ftags&post=38362"}],"curies":[{"name":"wp","href":"https:\/\/api.w.org\/{rel}","templated":true}]}}