{"id":38368,"date":"2022-03-04T12:52:46","date_gmt":"2022-03-04T18:52:46","guid":{"rendered":"https:\/\/www.zonaroja.com.mx\/?p=38368"},"modified":"2022-03-04T12:55:15","modified_gmt":"2022-03-04T18:55:15","slug":"cerrazon-de-normalistas-sostiene-protestas-pese-a-proceso-abierto-de-contratacion","status":"publish","type":"post","link":"https:\/\/zonaroja.com.mx\/?p=38368","title":{"rendered":"Cerraz\u00f3n de normalistas sostiene protestas, pese a proceso abierto de contrataci\u00f3n"},"content":{"rendered":"\n<p>Yuridiana Sosa\/Zona Roja.<\/p>\n\n\n\n<p>Oaxaca de Ju\u00e1rez, Oax., 4 de marzo de 2022.- Egresados normalistas contin\u00faan con manifestaciones y afectaciones a la ciudadan\u00eda, para exigir la contrataci\u00f3n directa, a pesar que el Instituto Estatal de Educaci\u00f3n P\u00fablica y la Secci\u00f3n 22 del Sindicato Nacional de Trabajadores de la Educaci\u00f3n (SNTE) sostienen procesos abiertos para la contrataci\u00f3n. <\/p>\n\n\n\n<p>Este viernes&nbsp;volvieron a retener al menos siete unidades del transporte p\u00fablico urbano y \u201ctomaron\u201d centros comerciales de Plaza Oaxaca en la capital oaxaque\u00f1a, causando afectaciones a la ciudadan\u00eda con el cierre de estos espacios.&nbsp;<\/p>\n\n\n\n<p>Sin argumentos s\u00f3lidos y en rechazo a los procesos que mantiene el IEEPO, en coordinaci\u00f3n con la Secci\u00f3n 22 del SNTE, los estudiantes continuar\u00e1n con sus protestas, mientras que siguen sin incorporarse a su nuevo ciclo escolar.<\/p>\n\n\n\n<p>La dirigencia sindical se\u00f1al\u00f3 que esta jornada puede estar orientada a la desestabilidad y \u00abgolpeteo pol\u00edtico\u201d entre las actividades del Movimiento Democr\u00e1tico de Trabajadores de la Educaci\u00f3n de Oaxaca (MDTEO).<\/p>\n\n\n\n<figure class=\"wp-block-embed\"><div class=\"wp-block-embed__wrapper\">\n<div class=\"twitter-tweet\"><blockquote class=\"twitter-tweet\" data-lang=\"es\"><p lang=\"es\" dir=\"ltr\"><a href=\"https:\/\/twitter.com\/hashtag\/%C3%9AltimoMinuto?src=hash&amp;ref_src=twsrc%5Etfw\">#\u00daltimoMinuto<\/a> <br>Sin demandas concretas, egresados de escuelas normales que exigen una plaza de maestro sin cubrir requisitos, ahora bloquean accesos a centros comerciales al sur de la ciudad de <a href=\"https:\/\/twitter.com\/hashtag\/Oaxaca?src=hash&amp;ref_src=twsrc%5Etfw\">#Oaxaca<\/a>. <a href=\"https:\/\/t.co\/HbugHwOvye\">pic.twitter.com\/HbugHwOvye<\/a><\/p>&mdash; Zona Roja Oaxaca (@ZonaRoja_Oaxaca) <a href=\"https:\/\/twitter.com\/ZonaRoja_Oaxaca\/status\/1499776296330883077?ref_src=twsrc%5Etfw\">4 de marzo de 2022<\/a><\/blockquote><\/div>\n<\/div><\/figure>\n\n\n\n<p>Pese a eso, el Comit\u00e9 Ejecutivo Seccional reiter\u00f3 este jueves que como parte de los acuerdos de la asamblea estatal continuar\u00e1 en el acompa\u00f1amiento del proceso de contrataci\u00f3n, por lo que convoc\u00f3, una vez m\u00e1s, a los egresados de las generaciones 2017-2021 para que entreguen su documentaci\u00f3n, presencial o v\u00eda electr\u00f3nica, para iniciar sus tr\u00e1mites de contrataci\u00f3n.<\/p>\n\n\n\n<p>Por su parte, el titular de la Unidad de Educaci\u00f3n Normal y Formaci\u00f3n de Docentes del IEEPO, Carlos Alberto Cuevas Cervantes, se\u00f1al\u00f3 que el instituto est\u00e1 abierto a la asesor\u00eda de quienes se quieran integrar al servicio educativo estatal.<\/p>\n\n\n\n<p>La forma de contrataci\u00f3n se realiza, de forma directa, sin costo, sin intermediarios con la Secretar\u00eda de Educaci\u00f3n P\u00fablica, IEEPO y representaci\u00f3n sindical, as\u00ed como respetando plazos, por lo que llam\u00f3 a los egresados a presentar su documentaci\u00f3n.<\/p>\n\n\n\n<p>El IEEPO inform\u00f3 que desde 2017 al 2020, m\u00e1s 350 egresados rezagado del 2015-2017, han sido contratados bajo proceso administrativos, que representa dos mil 270 egresados, 170 millones pesos anuales por generaci\u00f3n y un total de m\u00e1s de mil 700 millones de pesos  en la totalidad de las generaciones contratadas. <\/p>\n\n\n\n<figure class=\"wp-block-embed\"><div class=\"wp-block-embed__wrapper\">\n<div class=\"twitter-tweet\"><blockquote class=\"twitter-tweet\" data-lang=\"es\"><p lang=\"es\" dir=\"ltr\"><a href=\"https:\/\/twitter.com\/hashtag\/%C3%9AltimoMinuto?src=hash&amp;ref_src=twsrc%5Etfw\">#\u00daltimoMinuto<\/a> <br>1. No m\u00e1s de 20 supervisores encabezados por Erangelio Mendoza, bloquean esta ma\u00f1ana la avenida Ju\u00e1rez de la capital oaxaque\u00f1a, entre Berrioz\u00e1bal y Constituci\u00f3n. Poco claras sus demandas al IEEPO. <a href=\"https:\/\/t.co\/1SbqSYpPRI\">pic.twitter.com\/1SbqSYpPRI<\/a><\/p>&mdash; Zona Roja Oaxaca (@ZonaRoja_Oaxaca) <a href=\"https:\/\/twitter.com\/ZonaRoja_Oaxaca\/status\/1499797929497923584?ref_src=twsrc%5Etfw\">4 de marzo de 2022<\/a><\/blockquote><\/div>\n<\/div><\/figure>\n\n\n\n<p>OTROS REBELDES<\/p>\n\n\n\n<p>Por su parte, supervisores y jefes de sector de primarias generales adheridos a la Secci\u00f3n 22 del Sindicato Nacional de Trabajadores de la Educaci\u00f3n (SNTE) se movilizaron por segundo d\u00eda consecutivo en la capital y bloquearon la avenida Ju\u00e1rez, en inmediaciones de Casa Oficial.<\/p>\n\n\n\n<p>Los trabajadores demandan ocupar 75 plazas vacantes de jubilados o fallecidos, as\u00ed como contrataci\u00f3n inmediata de normalistas, pagos de cursos de personal rezagado, rechazo de pagos en Unidad de Medida y actualizaci\u00f3n (UMA) y respuestas a su pliego de peticiones que incluyen ascensos en el personal de ese sector. <\/p>\n","protected":false},"excerpt":{"rendered":"<p>Yuridiana Sosa\/Zona Roja. Oaxaca de Ju\u00e1rez, Oax., 4 de marzo de 2022.- Egresados normalistas contin\u00faan&hellip;<\/p>\n","protected":false},"author":2,"featured_media":38367,"comment_status":"closed","ping_status":"open","sticky":false,"template":"","format":"standard","meta":{"_lmt_disableupdate":"","_lmt_disable":"","_jetpack_memberships_contains_paid_content":false,"footnotes":""},"categories":[109,47],"tags":[],"class_list":["post-38368","post","type-post","status-publish","format-standard","has-post-thumbnail","hentry","category-minuto-a-minuto","category-zona-gris"],"jetpack_featured_media_url":"https:\/\/zonaroja.com.mx\/wp-content\/uploads\/2022\/03\/d88b54da-b8db-4db4-9844-659860adcc79.jpg","jetpack_sharing_enabled":true,"_links":{"self":[{"href":"https:\/\/zonaroja.com.mx\/index.php?rest_route=\/wp\/v2\/posts\/38368","targetHints":{"allow":["GET"]}}],"collection":[{"href":"https:\/\/zonaroja.com.mx\/index.php?rest_route=\/wp\/v2\/posts"}],"about":[{"href":"https:\/\/zonaroja.com.mx\/index.php?rest_route=\/wp\/v2\/types\/post"}],"author":[{"embeddable":true,"href":"https:\/\/zonaroja.com.mx\/index.php?rest_route=\/wp\/v2\/users\/2"}],"replies":[{"embeddable":true,"href":"https:\/\/zonaroja.com.mx\/index.php?rest_route=%2Fwp%2Fv2%2Fcomments&post=38368"}],"version-history":[{"count":2,"href":"https:\/\/zonaroja.com.mx\/index.php?rest_route=\/wp\/v2\/posts\/38368\/revisions"}],"predecessor-version":[{"id":38370,"href":"https:\/\/zonaroja.com.mx\/index.php?rest_route=\/wp\/v2\/posts\/38368\/revisions\/38370"}],"wp:featuredmedia":[{"embeddable":true,"href":"https:\/\/zonaroja.com.mx\/index.php?rest_route=\/wp\/v2\/media\/38367"}],"wp:attachment":[{"href":"https:\/\/zonaroja.com.mx\/index.php?rest_route=%2Fwp%2Fv2%2Fmedia&parent=38368"}],"wp:term":[{"taxonomy":"category","embeddable":true,"href":"https:\/\/zonaroja.com.mx\/index.php?rest_route=%2Fwp%2Fv2%2Fcategories&post=38368"},{"taxonomy":"post_tag","embeddable":true,"href":"https:\/\/zonaroja.com.mx\/index.php?rest_route=%2Fwp%2Fv2%2Ftags&post=38368"}],"curies":[{"name":"wp","href":"https:\/\/api.w.org\/{rel}","templated":true}]}}