{"id":38372,"date":"2022-03-04T15:33:25","date_gmt":"2022-03-04T21:33:25","guid":{"rendered":"http:\/\/www.zonaroja.com.mx\/?p=38372"},"modified":"2022-03-04T15:33:27","modified_gmt":"2022-03-04T21:33:27","slug":"fortalece-senado-lucha-contra-tala-ilegal-y-sobrepastoreo-en-mexico","status":"publish","type":"post","link":"https:\/\/zonaroja.com.mx\/?p=38372","title":{"rendered":"Fortalece Senado lucha contra tala ilegal y sobrepastoreo en M\u00e9xico"},"content":{"rendered":"\n<p>Redacci\u00f3n\/Zona Roja.<\/p>\n\n\n\n<p>Oaxaca de Ju\u00e1rez, Oax., 4 de marzo del 2022.- M\u00e9xico pierde su cobertura forestal a una tasa neta de 128.8 mil hect\u00e1reas al a\u00f1o debido a pr\u00e1cticas ilegales como el cambio de uso del suelo, la tala clandestina, el comercio de materias primas y productos forestales, as\u00ed como incendios y plagas.&nbsp;<\/p>\n\n\n\n<p>Esta p\u00e9rdida es la principal causa directa de la degradaci\u00f3n de los ecosistemas terrestres y del da\u00f1o a la biodiversidad del pa\u00eds, se\u00f1ala el Programa Nacional Forestal 2020-2024 publicado en el Diario Oficial de la Federaci\u00f3n por la Secretar\u00eda de Medio Ambiente y Recursos Naturales (Semarnat).<\/p>\n\n\n\n<p>Por lo anterior, el Senado de la Rep\u00fablica aprob\u00f3 esta semana reforma a la Ley General de Desarrollo Forestal Sustentable, con dicha legislaci\u00f3n se combate la tala ilegal, pues se fortalece el cat\u00e1logo de infractores y se obliga al Sistema Nacional de Informaci\u00f3n Forestal a crear programas de prevenci\u00f3n, extracci\u00f3n y tala ilegal en M\u00e9xico, lo inform\u00f3 la senadora oaxaque\u00f1a, Susana Harp Iturribar\u00eda.<\/p>\n\n\n\n<p>La legisladora se\u00f1al\u00f3 que dicha normativa legal incorpora experiencias comunitarias en el uso y aprovechamiento de recursos maderables y no maderables, adem\u00e1s, se integra a las y los afromexicanos como sujetos de derecho, garantizando su participaci\u00f3n en la elaboraci\u00f3n y ejecuci\u00f3n de la pol\u00edtica forestal.<\/p>\n\n\n\n<figure class=\"wp-block-embed is-type-rich is-provider-twitter wp-block-embed-twitter\"><div class=\"wp-block-embed__wrapper\">\n<div class=\"twitter-tweet\"><blockquote class=\"twitter-tweet\" data-lang=\"es\"><p lang=\"es\" dir=\"ltr\">En el <a href=\"https:\/\/twitter.com\/senadomexicano?ref_src=twsrc%5Etfw\">@senadomexicano<\/a> aprobamos reformas a la Ley General de Desarrollo Sustentable para fortalecer la defensa y protecci\u00f3n de nuestro entorno vivo. <br><br>Les comparto mi intervenci\u00f3n sobre esta nueva legislaci\u00f3n:<br>\ud83d\udcf9\ud83d\udc49<a href=\"https:\/\/t.co\/9BrcwJUwwI\">https:\/\/t.co\/9BrcwJUwwI<\/a> <a href=\"https:\/\/t.co\/Ig9iUQDFpK\">pic.twitter.com\/Ig9iUQDFpK<\/a><\/p>&mdash; Susana Harp Iturribarr\u00eda (@SusanaHarp) <a href=\"https:\/\/twitter.com\/SusanaHarp\/status\/1499769300789469188?ref_src=twsrc%5Etfw\">4 de marzo de 2022<\/a><\/blockquote><\/div>\n<\/div><\/figure>\n\n\n\n<p>\u201cSe trata de un parteaguas para dar continuidad a la supervivencia de los ecosistemas forestales. Se coloca en el centro de la discusi\u00f3n y la toma de desiciones a nuestras comunidades ind\u00edgenas y afromexicanas\u201d, detall\u00f3.<\/p>\n\n\n\n<p>Harp Iturribarr\u00eda precis\u00f3 que con las modificaciones a la normativa se precisa sobre el manejo de acahuales para un manejo forestal sustentable; se evitar\u00e1 que selvas puedan ser fraccionadas o deforestadas y, adem\u00e1s, se puntualizan facultades de la Comisi\u00f3n Nacional Forestal y la Secretar\u00eda de Medio Ambiente y Recursos Naturales (Semarnat).<\/p>\n\n\n\n<p>La representante popular lament\u00f3 la p\u00e9rdida anual de cobertura forestal que registra M\u00e9xico y se\u00f1al\u00f3 que con esta normativa se combate la tala ilegal, fortalece el cat\u00e1logo de infractores y se obliga al Sistema Nacional de Informaci\u00f3n Forestal a crear programas de prevenci\u00f3n de extracci\u00f3n y tala ilegal.<\/p>\n\n\n\n<p>Con la aprobaci\u00f3n de dicha normativa se prev\u00e9 la creaci\u00f3n de normas oficiales mexicanas para el aprovechamiento de materias primas forestales de uso dom\u00e9stico, para prevenir y controlar el sobrepastoreo en terrenos forestales y evaluar da\u00f1os a suelos y vegetaci\u00f3n forestal, se\u00f1al\u00f3 Susana Harp Iturribarr\u00eda.<\/p>\n","protected":false},"excerpt":{"rendered":"<p>Redacci\u00f3n\/Zona Roja. Oaxaca de Ju\u00e1rez, Oax., 4 de marzo del 2022.- M\u00e9xico pierde su cobertura&hellip;<\/p>\n","protected":false},"author":2,"featured_media":38314,"comment_status":"closed","ping_status":"open","sticky":false,"template":"","format":"standard","meta":{"_lmt_disableupdate":"","_lmt_disable":"","_jetpack_memberships_contains_paid_content":false,"footnotes":""},"categories":[109,46],"tags":[1685],"class_list":["post-38372","post","type-post","status-publish","format-standard","has-post-thumbnail","hentry","category-minuto-a-minuto","category-zona-blanca","tag-susana-harp-iturribarria"],"jetpack_featured_media_url":"https:\/\/zonaroja.com.mx\/wp-content\/uploads\/2022\/03\/Susana-Harp.jpeg","jetpack_sharing_enabled":true,"_links":{"self":[{"href":"https:\/\/zonaroja.com.mx\/index.php?rest_route=\/wp\/v2\/posts\/38372","targetHints":{"allow":["GET"]}}],"collection":[{"href":"https:\/\/zonaroja.com.mx\/index.php?rest_route=\/wp\/v2\/posts"}],"about":[{"href":"https:\/\/zonaroja.com.mx\/index.php?rest_route=\/wp\/v2\/types\/post"}],"author":[{"embeddable":true,"href":"https:\/\/zonaroja.com.mx\/index.php?rest_route=\/wp\/v2\/users\/2"}],"replies":[{"embeddable":true,"href":"https:\/\/zonaroja.com.mx\/index.php?rest_route=%2Fwp%2Fv2%2Fcomments&post=38372"}],"version-history":[{"count":1,"href":"https:\/\/zonaroja.com.mx\/index.php?rest_route=\/wp\/v2\/posts\/38372\/revisions"}],"predecessor-version":[{"id":38373,"href":"https:\/\/zonaroja.com.mx\/index.php?rest_route=\/wp\/v2\/posts\/38372\/revisions\/38373"}],"wp:featuredmedia":[{"embeddable":true,"href":"https:\/\/zonaroja.com.mx\/index.php?rest_route=\/wp\/v2\/media\/38314"}],"wp:attachment":[{"href":"https:\/\/zonaroja.com.mx\/index.php?rest_route=%2Fwp%2Fv2%2Fmedia&parent=38372"}],"wp:term":[{"taxonomy":"category","embeddable":true,"href":"https:\/\/zonaroja.com.mx\/index.php?rest_route=%2Fwp%2Fv2%2Fcategories&post=38372"},{"taxonomy":"post_tag","embeddable":true,"href":"https:\/\/zonaroja.com.mx\/index.php?rest_route=%2Fwp%2Fv2%2Ftags&post=38372"}],"curies":[{"name":"wp","href":"https:\/\/api.w.org\/{rel}","templated":true}]}}