{"id":38376,"date":"2022-03-04T19:10:05","date_gmt":"2022-03-05T01:10:05","guid":{"rendered":"http:\/\/www.zonaroja.com.mx\/?p=38376"},"modified":"2022-03-04T19:10:06","modified_gmt":"2022-03-05T01:10:06","slug":"conflicto-social-en-puerta-zaachila-determina-cerrar-tiradero-municipal","status":"publish","type":"post","link":"https:\/\/zonaroja.com.mx\/?p=38376","title":{"rendered":"Conflicto social en puerta: Zaachila determina cerrar tiradero municipal"},"content":{"rendered":"\n<p>Redacci\u00f3n\/Informativo 570.<\/p>\n\n\n\n<p>Oaxaca de Ju\u00e1rez, Oax., 4 de marzo de 2022.- Ejidatarios y pobladores de la Villa de Zaachila acordaron este viernes, a trav\u00e9s de una asamblea legalmente constituida, el cierre definitivo del basurero municipal ubicado en la colonia Guillermo Gonz\u00e1lez Guardado.<\/p>\n\n\n\n<p>La decisi\u00f3n pone en jaque a al menos 25 municipios de la zona metropolitana de Valles Centrales, entre ellos a Oaxaca de Ju\u00e1rez, que deposita al d\u00eda 600 toneladas de basura en este relleno sanitario.<\/p>\n\n\n\n<p>La decisi\u00f3n de los pobladores obedece a que el dep\u00f3sito municipal ha causado severos da\u00f1os al medio ambiente, por lo que ya no est\u00e1n dispuestos a contaminar el \u00e1rea donde viven.<\/p>\n\n\n\n<p>Antes de este acuerdo, las autoridades municipales que llevan su basura a este sitio e integrantes del Sindicato de Trabajadores&nbsp; \u00ab3 de Marzo\u00bb de la capital, declararon que el basurero municipal hab\u00eda alcanzado su m\u00e1xima capacidad, por lo que avizoraron su cierre.<\/p>\n\n\n\n<p>Al respecto, el presidente del municipio de Oaxaca de Oaxaca de Ju\u00e1rez, Francisco Mart\u00ednez Neri, declar\u00f3 que estaban en la construcci\u00f3n de una alternativa para hacer frente a esta problem\u00e1tica, que adelant\u00f3 estallar\u00eda en los primeros meses de su administraci\u00f3n.<\/p>\n\n\n\n<p>Entre los involucrados para buscar una soluci\u00f3n al problema del basurero municipal tambi\u00e9n est\u00e1 la Secretar\u00eda del Medio Ambiente, Energ\u00edas y Desarrollo Sustentable (Semaedeso), quien previ\u00f3 un cierre temporal para la reestructuraci\u00f3n del relleno sanitario.<\/p>\n","protected":false},"excerpt":{"rendered":"<p>Redacci\u00f3n\/Informativo 570. Oaxaca de Ju\u00e1rez, Oax., 4 de marzo de 2022.- Ejidatarios y pobladores de&hellip;<\/p>\n","protected":false},"author":2,"featured_media":38377,"comment_status":"closed","ping_status":"open","sticky":false,"template":"","format":"standard","meta":{"_lmt_disableupdate":"","_lmt_disable":"","_jetpack_memberships_contains_paid_content":false,"footnotes":""},"categories":[109,47],"tags":[155],"class_list":["post-38376","post","type-post","status-publish","format-standard","has-post-thumbnail","hentry","category-minuto-a-minuto","category-zona-gris","tag-villa-de-zaachila"],"jetpack_featured_media_url":"https:\/\/zonaroja.com.mx\/wp-content\/uploads\/2022\/03\/Asamblea-Zaachila-basurero.jpg","jetpack_sharing_enabled":true,"_links":{"self":[{"href":"https:\/\/zonaroja.com.mx\/index.php?rest_route=\/wp\/v2\/posts\/38376","targetHints":{"allow":["GET"]}}],"collection":[{"href":"https:\/\/zonaroja.com.mx\/index.php?rest_route=\/wp\/v2\/posts"}],"about":[{"href":"https:\/\/zonaroja.com.mx\/index.php?rest_route=\/wp\/v2\/types\/post"}],"author":[{"embeddable":true,"href":"https:\/\/zonaroja.com.mx\/index.php?rest_route=\/wp\/v2\/users\/2"}],"replies":[{"embeddable":true,"href":"https:\/\/zonaroja.com.mx\/index.php?rest_route=%2Fwp%2Fv2%2Fcomments&post=38376"}],"version-history":[{"count":1,"href":"https:\/\/zonaroja.com.mx\/index.php?rest_route=\/wp\/v2\/posts\/38376\/revisions"}],"predecessor-version":[{"id":38378,"href":"https:\/\/zonaroja.com.mx\/index.php?rest_route=\/wp\/v2\/posts\/38376\/revisions\/38378"}],"wp:featuredmedia":[{"embeddable":true,"href":"https:\/\/zonaroja.com.mx\/index.php?rest_route=\/wp\/v2\/media\/38377"}],"wp:attachment":[{"href":"https:\/\/zonaroja.com.mx\/index.php?rest_route=%2Fwp%2Fv2%2Fmedia&parent=38376"}],"wp:term":[{"taxonomy":"category","embeddable":true,"href":"https:\/\/zonaroja.com.mx\/index.php?rest_route=%2Fwp%2Fv2%2Fcategories&post=38376"},{"taxonomy":"post_tag","embeddable":true,"href":"https:\/\/zonaroja.com.mx\/index.php?rest_route=%2Fwp%2Fv2%2Ftags&post=38376"}],"curies":[{"name":"wp","href":"https:\/\/api.w.org\/{rel}","templated":true}]}}