{"id":38379,"date":"2022-03-04T19:36:23","date_gmt":"2022-03-05T01:36:23","guid":{"rendered":"http:\/\/www.zonaroja.com.mx\/?p=38379"},"modified":"2022-03-04T19:36:26","modified_gmt":"2022-03-05T01:36:26","slug":"pide-cndh-a-gobernador-de-oaxaca-ofrecer-disculpa-publica-a-saxofonista-agredida-con-acido","status":"publish","type":"post","link":"https:\/\/zonaroja.com.mx\/?p=38379","title":{"rendered":"Pide CNDH a gobernador de Oaxaca ofrecer disculpa p\u00fablica a saxofonista agredida con \u00e1cido&nbsp;"},"content":{"rendered":"\n<p>Redacci\u00f3n\/Zona Roja Cdmx.<\/p>\n\n\n\n<p>Ciudad de M\u00e9xico, 4 de marzo de 2022.- La Comisi\u00f3n Nacional de los Derechos Humanos (CNDH) pidi\u00f3 al gobernador de Oaxaca, Alejandro Murat Hinojosa y al fiscal del Estado, Arturo de Jes\u00fas Peimbert, realizar un reconocimiento de responsabilidad y ofrecer una disculpa p\u00fablica a la saxofonista Mar\u00eda Elena R\u00edos y a su familia, quienes fueron revictimizadas durante el desarrollo de las investigaciones para esclarecer la agresi\u00f3n que sufri\u00f3 el 9 de septiembre de 2019.<\/p>\n\n\n\n<p>La CNDH emiti\u00f3 la recomendaci\u00f3n 28\/2022 por violencia institucional y por la vulneraci\u00f3n del acceso a la justicia de la artista, quien fue agredida por varios sujetos al arrojarle \u00e1cido que le provoc\u00f3 quemaduras en la cara y el cuerpo; un caso en el que fue se\u00f1alado como autor intelectual el exdiputado Juan Antonio Vera Carrizal.<\/p>\n\n\n\n<p>Destac\u00f3 que la agresi\u00f3n y las omisiones de las autoridades ocurrieron en el marco de la Alerta de Violencia de G\u00e9nero contra las Mujeres que se encuentra activada en Oaxaca desde el 30 de agosto de 2018 y que el gobierno estatal incumpli\u00f3.<\/p>\n\n\n\n<p>Consider\u00f3 que la Fiscal\u00eda estatal no elabor\u00f3 un plan de protecci\u00f3n en coordinaci\u00f3n con otras dependencias de la administraci\u00f3n p\u00fablica estatal o municipal, ni ejecut\u00f3 adecuadamente medidas en favor de la v\u00edctima ni de sus familiares.<\/p>\n\n\n\n<p>Afirm\u00f3 que en las investigaciones la Fiscal\u00eda General y el Gobierno del Estado presentaron informaci\u00f3n incompleta o negaron de manera reiterada su plena colaboraci\u00f3n, con lo que se obstaculiz\u00f3 la investigaci\u00f3n.<\/p>\n\n\n\n<p>Por ello, pidi\u00f3 la reparaci\u00f3n del da\u00f1o ocasionado a la v\u00edctima y a sus familiares, y que se les proporcione la atenci\u00f3n m\u00e9dica y psicol\u00f3gica que requieran.<\/p>\n\n\n\n<p>Adem\u00e1s, deber\u00e1n colaborar en la presentaci\u00f3n y seguimiento de las quejas ante los \u00d3rganos Internos de Control en contra de las personas servidoras p\u00fablicas responsables.<\/p>\n\n\n\n<p>Nota de MVS Noticias: https:\/\/mvsnoticias.com\/noticias\/nacionales\/pide-cndh-a-alejandro-murat-ofrecer-disculpa-publica-a-saxofonista-agredida-con-acido\/<\/p>\n","protected":false},"excerpt":{"rendered":"<p>Redacci\u00f3n\/Zona Roja Cdmx. Ciudad de M\u00e9xico, 4 de marzo de 2022.- La Comisi\u00f3n Nacional de&hellip;<\/p>\n","protected":false},"author":2,"featured_media":28635,"comment_status":"closed","ping_status":"open","sticky":false,"template":"","format":"standard","meta":{"_lmt_disableupdate":"","_lmt_disable":"","_jetpack_memberships_contains_paid_content":false,"footnotes":""},"categories":[109,47],"tags":[1124],"class_list":["post-38379","post","type-post","status-publish","format-standard","has-post-thumbnail","hentry","category-minuto-a-minuto","category-zona-gris","tag-maria-elena-rios-ortiz"],"jetpack_featured_media_url":"https:\/\/zonaroja.com.mx\/wp-content\/uploads\/2021\/06\/Maria-Elena-Rios-mural.jpg","jetpack_sharing_enabled":true,"_links":{"self":[{"href":"https:\/\/zonaroja.com.mx\/index.php?rest_route=\/wp\/v2\/posts\/38379","targetHints":{"allow":["GET"]}}],"collection":[{"href":"https:\/\/zonaroja.com.mx\/index.php?rest_route=\/wp\/v2\/posts"}],"about":[{"href":"https:\/\/zonaroja.com.mx\/index.php?rest_route=\/wp\/v2\/types\/post"}],"author":[{"embeddable":true,"href":"https:\/\/zonaroja.com.mx\/index.php?rest_route=\/wp\/v2\/users\/2"}],"replies":[{"embeddable":true,"href":"https:\/\/zonaroja.com.mx\/index.php?rest_route=%2Fwp%2Fv2%2Fcomments&post=38379"}],"version-history":[{"count":1,"href":"https:\/\/zonaroja.com.mx\/index.php?rest_route=\/wp\/v2\/posts\/38379\/revisions"}],"predecessor-version":[{"id":38380,"href":"https:\/\/zonaroja.com.mx\/index.php?rest_route=\/wp\/v2\/posts\/38379\/revisions\/38380"}],"wp:featuredmedia":[{"embeddable":true,"href":"https:\/\/zonaroja.com.mx\/index.php?rest_route=\/wp\/v2\/media\/28635"}],"wp:attachment":[{"href":"https:\/\/zonaroja.com.mx\/index.php?rest_route=%2Fwp%2Fv2%2Fmedia&parent=38379"}],"wp:term":[{"taxonomy":"category","embeddable":true,"href":"https:\/\/zonaroja.com.mx\/index.php?rest_route=%2Fwp%2Fv2%2Fcategories&post=38379"},{"taxonomy":"post_tag","embeddable":true,"href":"https:\/\/zonaroja.com.mx\/index.php?rest_route=%2Fwp%2Fv2%2Ftags&post=38379"}],"curies":[{"name":"wp","href":"https:\/\/api.w.org\/{rel}","templated":true}]}}