{"id":38384,"date":"2022-03-04T21:57:33","date_gmt":"2022-03-05T03:57:33","guid":{"rendered":"http:\/\/www.zonaroja.com.mx\/?p=38384"},"modified":"2022-03-04T21:57:35","modified_gmt":"2022-03-05T03:57:35","slug":"registra-oaxaca-este-viernes-180-casos-positivos-y-3-decesos-por-covid","status":"publish","type":"post","link":"https:\/\/zonaroja.com.mx\/?p=38384","title":{"rendered":"Registra Oaxaca este viernes 180 casos positivos y 3 decesos por Covid"},"content":{"rendered":"\n<p>Redacci\u00f3n\/Zona Roja.<\/p>\n\n\n\n<p>Oaxaca de Ju\u00e1rez, Oax., 4 de marzo de 2022.- Los Servicios de Salud de Oaxaca (SSO) informan que el pr\u00f3ximo lunes 7 de marzo y hasta el domingo 20 del mismo mes entrar\u00e1 en vigor el color verde del Sem\u00e1foro de Riesgo Epid\u00e9mico Covid-19.<\/p>\n\n\n\n<p>Durante este periodo, la dependencia exhorta a la poblaci\u00f3n a no bajar la guardia y continuar aplicando los protocolos de higiene y seguridad, ya que son esenciales para evitar contagios como usar adecuadamente el cubrebocas, lavado frecuentemente las manos con agua y jab\u00f3n, ventilar los lugares cerrados, as\u00ed como evitar lugares aglomerados.<\/p>\n\n\n\n<p>De acuerdo con el informe diario de los SSO, para este viernes, en Oaxaca se reportan 180 casos nuevos del coronavirus, identificados en 56 municipios, con ello suman un total de 117 mil 369 positivos a la enfermedad, adem\u00e1s tres muertes m\u00e1s, por lo que hay en total seis mil 032 decesos.<\/p>\n\n\n\n<p>Las estad\u00edsticas tambi\u00e9n detallan que la distribuci\u00f3n por sexo en los casos confirmados acumulados muestra un predomino en hombres del 50.2%. La media de edad en general es en el grupo de 25 a 44 a\u00f1os, con un total de 56 mil 564 positivos acumulados.<\/p>\n\n\n\n<p>Los cinco municipios con m\u00e1s casos positivos en la \u00faltima actualizaci\u00f3n de datos son: Oaxaca de Ju\u00e1rez con 65, Santa Cruz Xoxocotl\u00e1n con 13, Asunci\u00f3n Nochixtl\u00e1n con ocho y la Heroica Ciudad de Juchit\u00e1n de Zaragoza, as\u00ed como Santa Luc\u00eda del Camino con cinco cada uno, el resto cuatro, tres, dos y una notificaci\u00f3n.<\/p>\n\n\n\n<p>Por otro lado, se tienen cuantificados mil 154 personas que comenzaron con s\u00edntomas en los \u00faltimos 14 d\u00edas, de tal forma que la pandemia se encuentra activa en 130 localidades del territorio oaxaque\u00f1o.<\/p>\n\n\n\n<p>Por Jurisdicci\u00f3n Sanitaria, Valles Centrales contabiliz\u00f3 71 mil 575 casos, 642 activos y dos mil 644 decesos; Istmo 16 mil 331 casos, 240 activos y mil 317 decesos; Tuxtepec ocho mil 791 casos, 119 activos y 605 decesos; Costa ocho mil 194 casos, 92 activos y 502 decesos; Mixteca ocho mil 684 casos, 30 activos y 621 decesos; Sierra tres mil 794 casos, 31 activos y 343 fallecimientos.<\/p>\n\n\n\n<p>As\u00ed tambi\u00e9n suman 203 mil 519 notificaciones, seis mil 176 casos sospechosos, 79 mil 974 negativos y 110 mil 183 personas que se han recuperado de la enfermedad.<\/p>\n\n\n\n<p>(Comunicado)<\/p>\n","protected":false},"excerpt":{"rendered":"<p>Redacci\u00f3n\/Zona Roja. Oaxaca de Ju\u00e1rez, Oax., 4 de marzo de 2022.- Los Servicios de Salud&hellip;<\/p>\n","protected":false},"author":2,"featured_media":38385,"comment_status":"closed","ping_status":"open","sticky":false,"template":"","format":"standard","meta":{"_lmt_disableupdate":"","_lmt_disable":"","_jetpack_memberships_contains_paid_content":false,"footnotes":""},"categories":[109,47],"tags":[1512],"class_list":["post-38384","post","type-post","status-publish","format-standard","has-post-thumbnail","hentry","category-minuto-a-minuto","category-zona-gris","tag-coronavirus-oaxaca"],"jetpack_featured_media_url":"https:\/\/zonaroja.com.mx\/wp-content\/uploads\/2022\/03\/04-de-marzo-de-2022.-Comunicado-tecnico-COVID-19.jpg","jetpack_sharing_enabled":true,"_links":{"self":[{"href":"https:\/\/zonaroja.com.mx\/index.php?rest_route=\/wp\/v2\/posts\/38384","targetHints":{"allow":["GET"]}}],"collection":[{"href":"https:\/\/zonaroja.com.mx\/index.php?rest_route=\/wp\/v2\/posts"}],"about":[{"href":"https:\/\/zonaroja.com.mx\/index.php?rest_route=\/wp\/v2\/types\/post"}],"author":[{"embeddable":true,"href":"https:\/\/zonaroja.com.mx\/index.php?rest_route=\/wp\/v2\/users\/2"}],"replies":[{"embeddable":true,"href":"https:\/\/zonaroja.com.mx\/index.php?rest_route=%2Fwp%2Fv2%2Fcomments&post=38384"}],"version-history":[{"count":1,"href":"https:\/\/zonaroja.com.mx\/index.php?rest_route=\/wp\/v2\/posts\/38384\/revisions"}],"predecessor-version":[{"id":38386,"href":"https:\/\/zonaroja.com.mx\/index.php?rest_route=\/wp\/v2\/posts\/38384\/revisions\/38386"}],"wp:featuredmedia":[{"embeddable":true,"href":"https:\/\/zonaroja.com.mx\/index.php?rest_route=\/wp\/v2\/media\/38385"}],"wp:attachment":[{"href":"https:\/\/zonaroja.com.mx\/index.php?rest_route=%2Fwp%2Fv2%2Fmedia&parent=38384"}],"wp:term":[{"taxonomy":"category","embeddable":true,"href":"https:\/\/zonaroja.com.mx\/index.php?rest_route=%2Fwp%2Fv2%2Fcategories&post=38384"},{"taxonomy":"post_tag","embeddable":true,"href":"https:\/\/zonaroja.com.mx\/index.php?rest_route=%2Fwp%2Fv2%2Ftags&post=38384"}],"curies":[{"name":"wp","href":"https:\/\/api.w.org\/{rel}","templated":true}]}}