{"id":38387,"date":"2022-03-04T22:15:40","date_gmt":"2022-03-05T04:15:40","guid":{"rendered":"http:\/\/www.zonaroja.com.mx\/?p=38387"},"modified":"2022-03-04T22:15:41","modified_gmt":"2022-03-05T04:15:41","slug":"gustavo-d-s-el-gato-sigue-siendo-diputado-electo-por-acatlan","status":"publish","type":"post","link":"https:\/\/zonaroja.com.mx\/?p=38387","title":{"rendered":"Gustavo D. S., \u00abEl Gato\u00bb, sigue siendo diputado electo por Acatl\u00e1n"},"content":{"rendered":"\n<p>Redacci\u00f3n\/Zona Roja.<\/p>\n\n\n\n<p>Oaxaca de Ju\u00e1rez, Oax., 4 de marzo de 2022.- La Sala Regional Xalapa del Tribunal Electoral del Poder Judicial de la Federaci\u00f3n (TEPJF) revoc\u00f3 la sentencia dictada por el Tribunal Electoral del Estado de Oaxaca (TEEO), que confirm\u00f3 el decreto emitido el 7 de diciembre de 2021 por la Mesa Directiva de la 65 Legislatura del Congreso del Estado de Oaxaca, por el que se declar\u00f3 vacante el cargo de diputado local, propietario y suplente, del Distrito local I, con cabecera en Acatl\u00e1n de P\u00e9rez Fiqueroa.<\/p>\n\n\n\n<p>Es preciso se\u00f1alar que el juicio fue promovido por un ciudadano que result\u00f3 electo en las pasadas elecciones celebradas en el estado de Oaxaca (Gustavo D. S.) para el cargo de diputado local del Distrito referido, sin embargo, a la fecha no se le ha tomado protesta de Ley para ocupar dicho puesto, ya que la Mesa Directiva del Congreso Estatal declar\u00f3 vacante su cargo debido a que fue vinculado a proceso y se le impuso prisi\u00f3n preventiva en el Centro Federal de Readaptaci\u00f3n en el Estado de Michoac\u00e1n, por el delito de ultrajes a la autoridad.<\/p>\n\n\n\n<p>El Pleno de la Sala Regional indic\u00f3 que, si bien la pretensi\u00f3n \u00faltima del promovente respecto a que se le tome protesta y pueda ejercer el cargo de diputado para el que fue electo no puede ser alcanzada, lo cierto es que, el hecho de estar privado de su libertad por una medida preventiva emitida un juez de control no implica, por si mismo, la suspensi\u00f3n de sus derechos politico-electorales, por lo que revoc\u00f3 la resoluci\u00f3n impugnada.<\/p>\n\n\n\n<p>De igual forma, se revoc\u00f3 el citado acuerdo emitido por la Mesa Directiva de la 65 Legislatura del Congreso del Estado, toda vez que, en el caso concreto, no se actualiza el supuesto previsto en el articulo 47 de la Constituci\u00f3n Pol\u00edtica del Estado Libre y Soberano de Oaxaca para realizar tales comicios.&nbsp;<\/p>\n\n\n\n<p>Ello, con el fin de garantizar el derecho del promovente al&nbsp; ejercicio del cargo cuando se defina su situaci\u00f3n iur\u00eddica.<\/p>\n\n\n\n<p>(Comunicado)<\/p>\n","protected":false},"excerpt":{"rendered":"<p>Redacci\u00f3n\/Zona Roja. Oaxaca de Ju\u00e1rez, Oax., 4 de marzo de 2022.- La Sala Regional Xalapa&hellip;<\/p>\n","protected":false},"author":2,"featured_media":33955,"comment_status":"closed","ping_status":"open","sticky":false,"template":"","format":"standard","meta":{"_lmt_disableupdate":"","_lmt_disable":"","_jetpack_memberships_contains_paid_content":false,"footnotes":""},"categories":[109,47],"tags":[671],"class_list":["post-38387","post","type-post","status-publish","format-standard","has-post-thumbnail","hentry","category-minuto-a-minuto","category-zona-gris","tag-gustavo-diaz-sanchez"],"jetpack_featured_media_url":"https:\/\/zonaroja.com.mx\/wp-content\/uploads\/2021\/11\/Gustavo-Diaz-S.jpg","jetpack_sharing_enabled":true,"_links":{"self":[{"href":"https:\/\/zonaroja.com.mx\/index.php?rest_route=\/wp\/v2\/posts\/38387","targetHints":{"allow":["GET"]}}],"collection":[{"href":"https:\/\/zonaroja.com.mx\/index.php?rest_route=\/wp\/v2\/posts"}],"about":[{"href":"https:\/\/zonaroja.com.mx\/index.php?rest_route=\/wp\/v2\/types\/post"}],"author":[{"embeddable":true,"href":"https:\/\/zonaroja.com.mx\/index.php?rest_route=\/wp\/v2\/users\/2"}],"replies":[{"embeddable":true,"href":"https:\/\/zonaroja.com.mx\/index.php?rest_route=%2Fwp%2Fv2%2Fcomments&post=38387"}],"version-history":[{"count":1,"href":"https:\/\/zonaroja.com.mx\/index.php?rest_route=\/wp\/v2\/posts\/38387\/revisions"}],"predecessor-version":[{"id":38388,"href":"https:\/\/zonaroja.com.mx\/index.php?rest_route=\/wp\/v2\/posts\/38387\/revisions\/38388"}],"wp:featuredmedia":[{"embeddable":true,"href":"https:\/\/zonaroja.com.mx\/index.php?rest_route=\/wp\/v2\/media\/33955"}],"wp:attachment":[{"href":"https:\/\/zonaroja.com.mx\/index.php?rest_route=%2Fwp%2Fv2%2Fmedia&parent=38387"}],"wp:term":[{"taxonomy":"category","embeddable":true,"href":"https:\/\/zonaroja.com.mx\/index.php?rest_route=%2Fwp%2Fv2%2Fcategories&post=38387"},{"taxonomy":"post_tag","embeddable":true,"href":"https:\/\/zonaroja.com.mx\/index.php?rest_route=%2Fwp%2Fv2%2Ftags&post=38387"}],"curies":[{"name":"wp","href":"https:\/\/api.w.org\/{rel}","templated":true}]}}