{"id":38389,"date":"2022-03-05T07:25:55","date_gmt":"2022-03-05T13:25:55","guid":{"rendered":"http:\/\/www.zonaroja.com.mx\/?p=38389"},"modified":"2022-03-05T07:37:06","modified_gmt":"2022-03-05T13:37:06","slug":"mantiene-poder-judicial-cercania-y-dialogo-cordial-con-dirigencia-sindical","status":"publish","type":"post","link":"https:\/\/zonaroja.com.mx\/?p=38389","title":{"rendered":"Mantiene Poder Judicial cercan\u00eda y di\u00e1logo cordial con&nbsp;dirigencia&nbsp;sindical"},"content":{"rendered":"\n<p>Redacci\u00f3n\/Zona Roja.<\/p>\n\n\n\n<p>Oaxaca de Ju\u00e1rez, Oax., 5 de marzo de 2022.- En un marco de&nbsp;di\u00e1logo&nbsp;y respeto a la autonom\u00eda sindical, el titular del Poder Judicial&nbsp;del Estado,&nbsp;recibi\u00f3 a&nbsp;delegados e integrantes del&nbsp;Sindicato de Trabajadores de los Poderes del Estado e Instituciones Descentralizadas de Car\u00e1cter Estatal de Oaxaca (STPEIDCEO), que presentaron&nbsp;de manera oficial&nbsp;al&nbsp;Comit\u00e9 Ejecutivo 2022-2025,representado por el&nbsp;secretario&nbsp;general,&nbsp;Pedro Castillejos Villalobos.&nbsp;<\/p>\n\n\n\n<p>En&nbsp;el encuentro&nbsp;realizado en el auditorio de la sede en Ciudad Judicial, le acompa\u00f1aron&nbsp;directores&nbsp;de Planeaci\u00f3n e Inform\u00e1tica,&nbsp;de Administraci\u00f3n&nbsp;y Finanzas del Consejo de la Judicatura,&nbsp;as\u00ed como de Gesti\u00f3n Administrativa del Tribunal Superior de Justicia.<\/p>\n\n\n\n<p>El Magistrado Presidente refrend\u00f3 la&nbsp;disposici\u00f3n&nbsp;de su administraci\u00f3n&nbsp;para&nbsp;continuar&nbsp;una colaboraci\u00f3n conjunta en los asuntos de la base trabajadora adscrita al Poder Judicial del Estado, as\u00ed como mantener&nbsp;la relaci\u00f3n&nbsp;arm\u00f3nica y&nbsp;de cordialidad.&nbsp;&nbsp;<\/p>\n\n\n\n<p>A&nbsp;su vez, las y los&nbsp;representantes, delegadas, delegados y dirigentes sindicales&nbsp;externaron&nbsp;al&nbsp;presidente del Tribunal Superior de Justicia y del Consejo de la Judicatura&nbsp;diversos&nbsp;planteamientos de sus agremiados, adem\u00e1s de reconocer su apertura al di\u00e1logo constructivo&nbsp;para alcanzar acuerdos&nbsp;mutuos.<\/p>\n","protected":false},"excerpt":{"rendered":"<p>Redacci\u00f3n\/Zona Roja. Oaxaca de Ju\u00e1rez, Oax., 5 de marzo de 2022.- En un marco de&nbsp;di\u00e1logo&nbsp;y&hellip;<\/p>\n","protected":false},"author":2,"featured_media":38390,"comment_status":"closed","ping_status":"open","sticky":false,"template":"","format":"standard","meta":{"_lmt_disableupdate":"","_lmt_disable":"","_jetpack_memberships_contains_paid_content":false,"footnotes":""},"categories":[109,46],"tags":[223],"class_list":["post-38389","post","type-post","status-publish","format-standard","has-post-thumbnail","hentry","category-minuto-a-minuto","category-zona-blanca","tag-poder-judicial-de-oaxaca"],"jetpack_featured_media_url":"https:\/\/zonaroja.com.mx\/wp-content\/uploads\/2022\/03\/Relacion-armonica-con-dirigencia-sindical-scaled.jpg","jetpack_sharing_enabled":true,"_links":{"self":[{"href":"https:\/\/zonaroja.com.mx\/index.php?rest_route=\/wp\/v2\/posts\/38389","targetHints":{"allow":["GET"]}}],"collection":[{"href":"https:\/\/zonaroja.com.mx\/index.php?rest_route=\/wp\/v2\/posts"}],"about":[{"href":"https:\/\/zonaroja.com.mx\/index.php?rest_route=\/wp\/v2\/types\/post"}],"author":[{"embeddable":true,"href":"https:\/\/zonaroja.com.mx\/index.php?rest_route=\/wp\/v2\/users\/2"}],"replies":[{"embeddable":true,"href":"https:\/\/zonaroja.com.mx\/index.php?rest_route=%2Fwp%2Fv2%2Fcomments&post=38389"}],"version-history":[{"count":1,"href":"https:\/\/zonaroja.com.mx\/index.php?rest_route=\/wp\/v2\/posts\/38389\/revisions"}],"predecessor-version":[{"id":38391,"href":"https:\/\/zonaroja.com.mx\/index.php?rest_route=\/wp\/v2\/posts\/38389\/revisions\/38391"}],"wp:featuredmedia":[{"embeddable":true,"href":"https:\/\/zonaroja.com.mx\/index.php?rest_route=\/wp\/v2\/media\/38390"}],"wp:attachment":[{"href":"https:\/\/zonaroja.com.mx\/index.php?rest_route=%2Fwp%2Fv2%2Fmedia&parent=38389"}],"wp:term":[{"taxonomy":"category","embeddable":true,"href":"https:\/\/zonaroja.com.mx\/index.php?rest_route=%2Fwp%2Fv2%2Fcategories&post=38389"},{"taxonomy":"post_tag","embeddable":true,"href":"https:\/\/zonaroja.com.mx\/index.php?rest_route=%2Fwp%2Fv2%2Ftags&post=38389"}],"curies":[{"name":"wp","href":"https:\/\/api.w.org\/{rel}","templated":true}]}}