{"id":3839,"date":"2019-09-10T16:52:08","date_gmt":"2019-09-10T21:52:08","guid":{"rendered":"http:\/\/www.zonaroja.com.mx\/?p=3839"},"modified":"2019-09-10T16:52:10","modified_gmt":"2019-09-10T21:52:10","slug":"absuelve-tepjf-a-legisladores-de-morena-en-oaxaca-sancionados-por-la-cnhj","status":"publish","type":"post","link":"https:\/\/zonaroja.com.mx\/?p=3839","title":{"rendered":"Absuelve TEPJF a legisladores de Morena en Oaxaca sancionados por la CNHJ"},"content":{"rendered":"\n<p>Redacci\u00f3n\/Zona\nRoja.<\/p>\n\n\n\n<p>Oaxaca de\nJu\u00e0rez, Oax., 10 de septiembre de 2019.- <\/p>\n\n\n\n<p>El pleno del\nTribunal Electoral del Poder Judicial de la Federaci\u00f3n, sala Xalapa, confirm\u00f3\nla resoluci\u00f3n a favor de los 16 legisladores que hab\u00edan sido sancionados por la\nComisi\u00f3n Nacional de Honestidad y Justicia del Movimiento de Regeneraci\u00f3n\nNacional (Morena), con los que sus derechos pol\u00edticos electorales quedaron\nintactos, pese al juicio que se interpuso en su contra.<\/p>\n\n\n\n<p>El TEPJF\ndesech\u00f3 la demanda de juicio promovida por Oth\u00f3n Cuevas C\u00f3rdova, \u00c1ngel Dom\u00ednguez\nEscobar, In\u00e9s Leal Pel\u00e1ez, Hilda Graciela P\u00e9rez Luis, Griselda Sosa V\u00e1squez,\nLeticia Socorro Collado Soto, Arcelia L\u00f3pez Hern\u00e1ndez, Luis Alfonso Silva Romo\ny P\u00e1vel Mel\u00e9ndez Cruz.<\/p>\n\n\n\n<p>Conforme a\nla resoluci\u00f3n emitida por el \u00f3rgano federal, los legisladores impugnaron la\nsentencia del 8 de agosto de este a\u00f1o, emitida por el Tribunal Estatal\nElectoral de Oaxaca en los expedientes JDC\/88\/2019 y su acumulado JDC\/89\/2019,\nmediante la cual revoc\u00f3 la diversa resoluci\u00f3n emitida por la Comisi\u00f3n Nacional\nde Honestidad y Justicia de Morena.&nbsp;&nbsp; <\/p>\n\n\n\n<p>Sin embargo,\nincurrieron en fallas que se tradujeron en falta de inter\u00e9s jur\u00eddico por parte\nde las y los promoventes,&nbsp; tal es el caso\nde la falta de firmas aut\u00f3grafa de tres de los nueve afectados: \u00c1ngel Dom\u00ednguez\nEscobar, Hilda Graciela P\u00e9rez Luis y Leticia Socorro Collado Soto.<\/p>\n\n\n\n<p>\u201cEl\nincumplimiento de dicho requisito se traduce en la ausencia de voluntad de los\npromoventes para producir las consecuencias del medio de impugnaci\u00f3n\nintentando, ello por carecer de un presupuesto necesario para la constituci\u00f3n\nde la relaci\u00f3n jur\u00eddica procesal, por lo que la demanda debe desecharse de\nplano\u201d, cita la resoluci\u00f3n.<\/p>\n\n\n\n<p>As\u00ed mismo,\nel Tribunal determin\u00f3 falta de inter\u00e9s jur\u00eddico para combatir la sentencia estatal,\ntoda vez que no mencionan y evidencian una posible afectaci\u00f3n o perjuicio en su\nesfera jur\u00eddica&nbsp; de derechos o bien que\nel acto primigeniamente&nbsp; impugnado le\ngener\u00f3 alg\u00fan beneficio o derecho. <\/p>\n\n\n\n<p>En este\nsentido, las y los promoventes debieron exigir al \u00f3rgano pol\u00edtico (Morena) que\nhiciera valer la sanci\u00f3n que su propia Comisi\u00f3n de Honestidad y Justicia a\nnivel nacional determin\u00f3, antes de recurrir a los tribunales electorales.<\/p>\n\n\n\n<p>Por lo\nanterior, la expulsi\u00f3n por seis meses resuelta por el partido qued\u00f3 sin efecto\nalguno para los 16 legisladores que presuntamente hab\u00edan incurrido en la falta\nconsenso para definir lo cargos de coordinador, vicecoordinador general y\nvocero del&nbsp; grupo parlamentario de Morena\nal interior del Congreso local, encabezados por Laura Estrada Mauro.<\/p>\n","protected":false},"excerpt":{"rendered":"<p>Redacci\u00f3n\/Zona Roja. Oaxaca de Ju\u00e0rez, Oax., 10 de septiembre de 2019.- El pleno del Tribunal&hellip;<\/p>\n","protected":false},"author":2,"featured_media":3840,"comment_status":"closed","ping_status":"open","sticky":false,"template":"","format":"standard","meta":{"_lmt_disableupdate":"","_lmt_disable":"","_jetpack_memberships_contains_paid_content":false,"footnotes":""},"categories":[109,47],"tags":[582],"class_list":["post-3839","post","type-post","status-publish","format-standard","has-post-thumbnail","hentry","category-minuto-a-minuto","category-zona-gris","tag-partido-morena"],"jetpack_featured_media_url":"https:\/\/zonaroja.com.mx\/wp-content\/uploads\/2019\/09\/IMG_6446.jpg","jetpack_sharing_enabled":true,"_links":{"self":[{"href":"https:\/\/zonaroja.com.mx\/index.php?rest_route=\/wp\/v2\/posts\/3839","targetHints":{"allow":["GET"]}}],"collection":[{"href":"https:\/\/zonaroja.com.mx\/index.php?rest_route=\/wp\/v2\/posts"}],"about":[{"href":"https:\/\/zonaroja.com.mx\/index.php?rest_route=\/wp\/v2\/types\/post"}],"author":[{"embeddable":true,"href":"https:\/\/zonaroja.com.mx\/index.php?rest_route=\/wp\/v2\/users\/2"}],"replies":[{"embeddable":true,"href":"https:\/\/zonaroja.com.mx\/index.php?rest_route=%2Fwp%2Fv2%2Fcomments&post=3839"}],"version-history":[{"count":1,"href":"https:\/\/zonaroja.com.mx\/index.php?rest_route=\/wp\/v2\/posts\/3839\/revisions"}],"predecessor-version":[{"id":3841,"href":"https:\/\/zonaroja.com.mx\/index.php?rest_route=\/wp\/v2\/posts\/3839\/revisions\/3841"}],"wp:featuredmedia":[{"embeddable":true,"href":"https:\/\/zonaroja.com.mx\/index.php?rest_route=\/wp\/v2\/media\/3840"}],"wp:attachment":[{"href":"https:\/\/zonaroja.com.mx\/index.php?rest_route=%2Fwp%2Fv2%2Fmedia&parent=3839"}],"wp:term":[{"taxonomy":"category","embeddable":true,"href":"https:\/\/zonaroja.com.mx\/index.php?rest_route=%2Fwp%2Fv2%2Fcategories&post=3839"},{"taxonomy":"post_tag","embeddable":true,"href":"https:\/\/zonaroja.com.mx\/index.php?rest_route=%2Fwp%2Fv2%2Ftags&post=3839"}],"curies":[{"name":"wp","href":"https:\/\/api.w.org\/{rel}","templated":true}]}}