{"id":38392,"date":"2022-03-05T07:36:38","date_gmt":"2022-03-05T13:36:38","guid":{"rendered":"http:\/\/www.zonaroja.com.mx\/?p=38392"},"modified":"2022-03-05T07:36:39","modified_gmt":"2022-03-05T13:36:39","slug":"revoca-teeo-acuerdo-sobre-revocacion-anticipada-de-cabildo-de-san-cristobal-amatlan","status":"publish","type":"post","link":"https:\/\/zonaroja.com.mx\/?p=38392","title":{"rendered":"Revoca TEEO acuerdo sobre revocaci\u00f3n anticipada de Cabildo de San Crist\u00f3bal Amatl\u00e1n"},"content":{"rendered":"\n<p>Redacci\u00f3n\/Zona Roja.<\/p>\n\n\n\n<p>Oaxaca de Ju\u00e1rez, Oax., a 5 de marzo de 2022.- El Pleno del Tribunal Electoral del Estado de Oaxaca revoc\u00f3 el acuerdo IEEPCO-CG-SNI-83\/2021, respecto a la terminaci\u00f3n anticipada del mandato de las concejal\u00edas al ayuntamiento de San Crist\u00f3bal Amatl\u00e1n.<\/p>\n\n\n\n<p>Argument\u00f3 que, de las constancias que obran en autos y que fueron remitidas por el entonces Alcalde Municipal, se advirti\u00f3 que la terminaci\u00f3n anticipada de mandato del presidente municipal, s\u00edndico y regidores, se realiz\u00f3 en un contexto de violencia y hostigamiento en perjuicio de estas autoridades municipales.<\/p>\n\n\n\n<p>La resoluci\u00f3n de los juicios electorales de los Sistemas Normativos Internos, identificados con las CLAVES: JNI\/30\/2021, JNI\/01\/2022 y JNI\/02\/2022, refiere que estas autoridades fueron previamente privados de su libertad en fechas catorce de abril y doce de julio, acciones que fueron sistem\u00e1ticas y que tuvieron como consecuencia la terminaci\u00f3n anticipada de sus cargos; los cuales derivaron en el la integraci\u00f3n del expediente DDHPO\/CA\/304\/(13)\/OAX\/2021, por parte de la Defensor\u00eda de los Derechos Humanos del Pueblo de Oaxaca.<\/p>\n\n\n\n<p>Aunado a lo anterior, establece esta sentencia, los actos tendientes a revocarlos del cargo, que en ese momento ostentaban, no pueden ser considerados totalmente validos como lo pretenden los demandados,&nbsp; ya que conforme al art\u00edculo 145 de la Ley Org\u00e1nica Municipal del Estado de Oaxaca, el Alcalde Municipal no tiene facultades para convocar a asambleas generales comunitarias.<\/p>\n\n\n\n<p>Otros agravios acreditados por parte del Pleno en este asunto son: la convocatoria a la asamblea no fue notificada a las autoridades correspondientes, vulnerado con ello su derecho constitucional de audiencia y debido proceso; dadas las condiciones de hostigamiento, tampoco pudieron defenderse; y tampoco existe constancia en autos que acredite que efectivamente la misma haya sido perifoneada en la poblaci\u00f3n.<\/p>\n\n\n\n<p>Por otro lado, el Pleno determin\u00f3 que Eufemia Flores Antonio, regidora de educaci\u00f3n de San Crist\u00f3bal Amatl\u00e1n, sufri\u00f3 violencia pol\u00edtica en raz\u00f3n de g\u00e9nero, ya que la misma fue privada de su libertad con el prop\u00f3sito de que renunciara a su cargo como concejal.<\/p>\n\n\n\n<p>CASO SOYALTEPEC<\/p>\n\n\n\n<p>Por otra parte, el Tribunal Electoral del Estado de Oaxaca (TEEO) acredit\u00f3 la violencia pol\u00edtica en raz\u00f3n de g\u00e9nero ejercida por diversas autoridades municipales de San Bartolo Soyaltepec, en contra de dos mujeres, quienes se ostentaron como autoridades electas.<\/p>\n\n\n\n<p>En sesi\u00f3n p\u00fablica realizada mediante videoconferencia, el Pleno de este \u00d3rgano Jurisdiccional determin\u00f3 que los denunciados cometieron violencia verbal y f\u00edsica en contra de las promoventes, basada en elementos de g\u00e9nero, con el objeto de menoscabar el ejercicio de sus derechos pol\u00edtico electorales, acontecido precisamente en el marco del ejercicio de sus funciones como autoridades municipales.<\/p>\n\n\n\n<p>En la resoluci\u00f3n del Procedimiento Especial Sancionador con clave: PES\/147\/2021, se detalla que estos actos de violencia fueron cometidos el catorce de noviembre de 2020.<\/p>\n\n\n\n<p>En consecuencia, la magistrada presidenta, el magistrado y la secretaria de estudio y cuenta en funciones de magistrada, determinaron que, una vez que haya causado estado esta resoluci\u00f3n, se inscriba a los denunciados en el Registro de Personas Sancionadas en Materia de Violencia Pol\u00edtica Contra las Mujeres en Raz\u00f3n de G\u00e9nero, a trav\u00e9s del Instituto Estatal Electoral, por un periodo de siete a\u00f1os y tres meses, lo anterior con base en la naturaleza y caracter\u00edsticas de los hechos perpetrados<\/p>\n\n\n\n<p>Adem\u00e1s, aprobaron dar vista al Congreso del Estado de Oaxaca, para que determine lo que en derecho proceda; a la Fiscal\u00eda General del Estado, por la naturaleza de los hechos denunciados.&nbsp;<\/p>\n\n\n\n<p>As\u00ed mismo, ordenaron vincular a la Secretar\u00eda de las Mujeres de Oaxaca, para que, en el \u00e1mbito de sus atribuciones imparta un curso en materia de violencia pol\u00edtica contra las mujeres en raz\u00f3n de g\u00e9nero, a la totalidad de los integrantes del Cabildo; asimismo, a la Secretar\u00eda General de Gobierno, a efecto de que, en el \u00e1mbito de sus atribuciones y de advertirse una problem\u00e1tica en aquel Ayuntamiento, intervenga, mediante mesas de di\u00e1logo para la conciliaci\u00f3n de sus posturas.<\/p>\n","protected":false},"excerpt":{"rendered":"<p>Redacci\u00f3n\/Zona Roja. Oaxaca de Ju\u00e1rez, Oax., a 5 de marzo de 2022.- El Pleno del&hellip;<\/p>\n","protected":false},"author":2,"featured_media":38393,"comment_status":"closed","ping_status":"open","sticky":false,"template":"","format":"standard","meta":{"_lmt_disableupdate":"","_lmt_disable":"","_jetpack_memberships_contains_paid_content":false,"footnotes":""},"categories":[109,46],"tags":[2235],"class_list":["post-38392","post","type-post","status-publish","format-standard","has-post-thumbnail","hentry","category-minuto-a-minuto","category-zona-blanca","tag-tribunal-electoral-del-estado-de-oaxaca-teeo"],"jetpack_featured_media_url":"https:\/\/zonaroja.com.mx\/wp-content\/uploads\/2022\/03\/Protesta-San-Cristobal-Amatlan.jpg","jetpack_sharing_enabled":true,"_links":{"self":[{"href":"https:\/\/zonaroja.com.mx\/index.php?rest_route=\/wp\/v2\/posts\/38392","targetHints":{"allow":["GET"]}}],"collection":[{"href":"https:\/\/zonaroja.com.mx\/index.php?rest_route=\/wp\/v2\/posts"}],"about":[{"href":"https:\/\/zonaroja.com.mx\/index.php?rest_route=\/wp\/v2\/types\/post"}],"author":[{"embeddable":true,"href":"https:\/\/zonaroja.com.mx\/index.php?rest_route=\/wp\/v2\/users\/2"}],"replies":[{"embeddable":true,"href":"https:\/\/zonaroja.com.mx\/index.php?rest_route=%2Fwp%2Fv2%2Fcomments&post=38392"}],"version-history":[{"count":1,"href":"https:\/\/zonaroja.com.mx\/index.php?rest_route=\/wp\/v2\/posts\/38392\/revisions"}],"predecessor-version":[{"id":38394,"href":"https:\/\/zonaroja.com.mx\/index.php?rest_route=\/wp\/v2\/posts\/38392\/revisions\/38394"}],"wp:featuredmedia":[{"embeddable":true,"href":"https:\/\/zonaroja.com.mx\/index.php?rest_route=\/wp\/v2\/media\/38393"}],"wp:attachment":[{"href":"https:\/\/zonaroja.com.mx\/index.php?rest_route=%2Fwp%2Fv2%2Fmedia&parent=38392"}],"wp:term":[{"taxonomy":"category","embeddable":true,"href":"https:\/\/zonaroja.com.mx\/index.php?rest_route=%2Fwp%2Fv2%2Fcategories&post=38392"},{"taxonomy":"post_tag","embeddable":true,"href":"https:\/\/zonaroja.com.mx\/index.php?rest_route=%2Fwp%2Fv2%2Ftags&post=38392"}],"curies":[{"name":"wp","href":"https:\/\/api.w.org\/{rel}","templated":true}]}}