{"id":38395,"date":"2022-03-05T07:44:47","date_gmt":"2022-03-05T13:44:47","guid":{"rendered":"http:\/\/www.zonaroja.com.mx\/?p=38395"},"modified":"2022-03-05T07:44:49","modified_gmt":"2022-03-05T13:44:49","slug":"llega-primera-mujer-a-presidir-centro-multidisciplinario-de-investigacion-y-difusion","status":"publish","type":"post","link":"https:\/\/zonaroja.com.mx\/?p=38395","title":{"rendered":"Llega primera mujer a presidir Centro Multidisciplinario de Investigaci\u00f3n y Difusi\u00f3n"},"content":{"rendered":"\n<p>Yuridiana Sosa\/Zona Roja.<\/p>\n\n\n\n<p>Oaxaca de Ju\u00e1rez, Oax., 5 de marzo de 2022.- El Centro Multidisciplinario de Investigaci\u00f3n y Difusi\u00f3n de Profesionistas del Estado de Oaxaca (Cemidipo) tom\u00f3 protesta a su nueva Coordinaci\u00f3n General para el periodo 2022-2024.<\/p>\n\n\n\n<p>En un acto celebrado la ma\u00f1ana de este viernes, Claudia Isela Aguilera Yerena, asumi\u00f3 el cargo como presidenta de esta colegiaci\u00f3n, convirti\u00e9ndose en la primera mujer en contar con esta responsabilidad.<\/p>\n\n\n\n<p>La nueva presidenta resalt\u00f3 la labor de sus antecesores, la cual hoy permite que la directiva del Centro Multidisciplinario est\u00e9 integrada cada vez por m\u00e1s mujeres, en igualdad de condiciones, para que en equipo se logren mejores resaltadores por Oaxaca.<\/p>\n\n\n\n<p>Aguilera Yerena indic\u00f3 que asume este compromiso, importante en la historia del consejo y vida personal, con responsabilidad y con la preparaci\u00f3n necesaria para enfrentar los retos que el cargo representa.<\/p>\n\n\n\n<p>A los integrantes de la nueva Coordinaci\u00f3n General, Claudia Aguilera los llam\u00f3 a ser hombre y mujeres de compromiso, energ\u00eda, \u00e9tica, con capacidad de discernir ante las problem\u00e1ticas sociales y a seguir trabajando por el desarrollo de la entidad.<\/p>\n\n\n\n<p>Ante integrantes del organismo civil, as\u00ed como invitados especiales, entre ellos la presidenta del Tribunal Electoral del Estado de Oaxaca, Elizabeth Bautista Velasco, convoc\u00f3 a mantener la unidad y a seguir trabajando de manera intensa para contribuir al desarrollo y la estabilidad de la entidad.<\/p>\n\n\n\n<figure class=\"wp-block-embed is-type-rich is-provider-twitter wp-block-embed-twitter\"><div class=\"wp-block-embed__wrapper\">\n<div class=\"twitter-tweet\"><blockquote class=\"twitter-tweet\" data-lang=\"es\"><p lang=\"es\" dir=\"ltr\"><a href=\"https:\/\/twitter.com\/hashtag\/ENVIVO?src=hash&amp;ref_src=twsrc%5Etfw\">#ENVIVO<\/a><br>El Centro Multidisciplinario de Investigaci\u00f3n y Difusi\u00f3n de Profesionistas del Estado de <a href=\"https:\/\/twitter.com\/hashtag\/Oaxaca?src=hash&amp;ref_src=twsrc%5Etfw\">#Oaxaca<\/a> (<a href=\"https:\/\/twitter.com\/cemidipo?ref_src=twsrc%5Etfw\">@cemidipo<\/a>) tom\u00f3 protesta a su nueva Coordinaci\u00f3n General para el periodo 2022-2024, que preside Claudia Isela Aguilera Yerena.<br>Siga la transmisi\u00f3n: \ud83d\udc47<a href=\"https:\/\/t.co\/dkfmFOakLX\">https:\/\/t.co\/dkfmFOakLX<\/a> <a href=\"https:\/\/t.co\/RupYOa6R3L\">pic.twitter.com\/RupYOa6R3L<\/a><\/p>&mdash; Zona Roja Oaxaca (@ZonaRoja_Oaxaca) <a href=\"https:\/\/twitter.com\/ZonaRoja_Oaxaca\/status\/1499772097987596290?ref_src=twsrc%5Etfw\">4 de marzo de 2022<\/a><\/blockquote><\/div>\n<\/div><\/figure>\n","protected":false},"excerpt":{"rendered":"<p>Yuridiana Sosa\/Zona Roja. Oaxaca de Ju\u00e1rez, Oax., 5 de marzo de 2022.- El Centro Multidisciplinario&hellip;<\/p>\n","protected":false},"author":2,"featured_media":38396,"comment_status":"closed","ping_status":"open","sticky":false,"template":"","format":"standard","meta":{"_lmt_disableupdate":"","_lmt_disable":"","_jetpack_memberships_contains_paid_content":false,"footnotes":""},"categories":[109,46],"tags":[3058],"class_list":["post-38395","post","type-post","status-publish","format-standard","has-post-thumbnail","hentry","category-minuto-a-minuto","category-zona-blanca","tag-claudia-isela-aguilera"],"jetpack_featured_media_url":"https:\/\/zonaroja.com.mx\/wp-content\/uploads\/2022\/03\/Nombramientos.jpg","jetpack_sharing_enabled":true,"_links":{"self":[{"href":"https:\/\/zonaroja.com.mx\/index.php?rest_route=\/wp\/v2\/posts\/38395","targetHints":{"allow":["GET"]}}],"collection":[{"href":"https:\/\/zonaroja.com.mx\/index.php?rest_route=\/wp\/v2\/posts"}],"about":[{"href":"https:\/\/zonaroja.com.mx\/index.php?rest_route=\/wp\/v2\/types\/post"}],"author":[{"embeddable":true,"href":"https:\/\/zonaroja.com.mx\/index.php?rest_route=\/wp\/v2\/users\/2"}],"replies":[{"embeddable":true,"href":"https:\/\/zonaroja.com.mx\/index.php?rest_route=%2Fwp%2Fv2%2Fcomments&post=38395"}],"version-history":[{"count":1,"href":"https:\/\/zonaroja.com.mx\/index.php?rest_route=\/wp\/v2\/posts\/38395\/revisions"}],"predecessor-version":[{"id":38397,"href":"https:\/\/zonaroja.com.mx\/index.php?rest_route=\/wp\/v2\/posts\/38395\/revisions\/38397"}],"wp:featuredmedia":[{"embeddable":true,"href":"https:\/\/zonaroja.com.mx\/index.php?rest_route=\/wp\/v2\/media\/38396"}],"wp:attachment":[{"href":"https:\/\/zonaroja.com.mx\/index.php?rest_route=%2Fwp%2Fv2%2Fmedia&parent=38395"}],"wp:term":[{"taxonomy":"category","embeddable":true,"href":"https:\/\/zonaroja.com.mx\/index.php?rest_route=%2Fwp%2Fv2%2Fcategories&post=38395"},{"taxonomy":"post_tag","embeddable":true,"href":"https:\/\/zonaroja.com.mx\/index.php?rest_route=%2Fwp%2Fv2%2Ftags&post=38395"}],"curies":[{"name":"wp","href":"https:\/\/api.w.org\/{rel}","templated":true}]}}