{"id":38403,"date":"2022-03-05T08:04:55","date_gmt":"2022-03-05T14:04:55","guid":{"rendered":"http:\/\/www.zonaroja.com.mx\/?p=38403"},"modified":"2022-03-05T09:21:20","modified_gmt":"2022-03-05T15:21:20","slug":"oaxaqueno-tambien-el-que-ultimo-a-paisanos-en-phoenix-eu","status":"publish","type":"post","link":"https:\/\/zonaroja.com.mx\/?p=38403","title":{"rendered":"Oaxaque\u00f1o tambi\u00e9n, el que ultim\u00f3 a paisanos en Phoenix, EU"},"content":{"rendered":"\n<p>Redacci\u00f3n\/Zona Roja.<\/p>\n\n\n\n<p>Oaxaca de Ju\u00e1rez, Oax., 5 de marzo de 2022.- Como Juan Carlos V. (O Gonzalo M.), originario de Santo Domingo Tepuxtepec, Oaxaca, fue identificado el probable autor del asesinato de tres oaxaque\u00f1os en la ciudad de Phoenix, Arizona, Estados Unidos.<\/p>\n\n\n\n<p>Ayer se celebr\u00f3 la audiencia y la juez de distrito de Maricopa, Arizona, le impuso una fianza de tres millones de d\u00f3lares, de acuerdo con medios informativos nacionales y de ese pa\u00eds.<\/p>\n\n\n\n<p>Es imputado por el asesinato de tres oaxaque\u00f1os de Tepuxtepec, radicados en Phoenix, Abimael Jim\u00e9nez, de 16 a\u00f1os, Isauro Mart\u00ednez, de 20, y Herminio Jim\u00e9nez, de 28 a\u00f1os de edad.<\/p>\n\n\n\n<figure class=\"wp-block-embed is-type-rich is-provider-twitter wp-block-embed-twitter\"><div class=\"wp-block-embed__wrapper\">\n<div class=\"twitter-tweet\"><blockquote class=\"twitter-tweet\" data-lang=\"es\"><p lang=\"es\" dir=\"ltr\"><a href=\"https:\/\/twitter.com\/hashtag\/UltimoMinuto?src=hash&amp;ref_src=twsrc%5Etfw\">#UltimoMinuto<\/a> <br>Comparte <a href=\"https:\/\/twitter.com\/Telemundo?ref_src=twsrc%5Etfw\">@Telemundo<\/a> que hoy acudi\u00f3 a la Corte de Arizona la persona acusada de asesinar a tres oaxaque\u00f1os en la ciudad de Pohenix:<a href=\"https:\/\/t.co\/5LI82iVJth\">https:\/\/t.co\/5LI82iVJth<\/a><\/p>&mdash; Zona Roja Oaxaca (@ZonaRoja_Oaxaca) <a href=\"https:\/\/twitter.com\/ZonaRoja_Oaxaca\/status\/1499945311980118016?ref_src=twsrc%5Etfw\">5 de marzo de 2022<\/a><\/blockquote><\/div>\n<\/div><\/figure>\n\n\n\n<p>Los cuerpos de los j\u00f3venes migrantes fueron localizados el pasado 20 de febrero en un lote bald\u00edo de Phoenix, con heridas por disparos de arma de fuego. El pasado jueves, a Polic\u00eda de esa localidad arrest\u00f3 al sospechoso luego de un trabajo de inteligencia en coordinaci\u00f3n con otras instituciones, tras las presiones de M\u00e9xico por esclarecer el caso.<\/p>\n\n\n\n<p>La pr\u00f3xima audiencia est\u00e1 programada para realizarse el pr\u00f3ximo 9 de marzo; en tanto los cuerpos de los tres j\u00f3venes a\u00fan no han sido recuperados.<\/p>\n\n\n\n<p>Hasta el momento el Instituto Oaxaque\u00f1o de Atenci\u00f3n al Migrante no ha dado m\u00e1s detalles acerca del apoyo que est\u00e1 brindando a las familias de las tres v\u00edctimas.<\/p>\n","protected":false},"excerpt":{"rendered":"<p>Redacci\u00f3n\/Zona Roja. Oaxaca de Ju\u00e1rez, Oax., 5 de marzo de 2022.- Como Juan Carlos V.&hellip;<\/p>\n","protected":false},"author":2,"featured_media":38404,"comment_status":"closed","ping_status":"open","sticky":false,"template":"","format":"standard","meta":{"_lmt_disableupdate":"","_lmt_disable":"","_jetpack_memberships_contains_paid_content":false,"footnotes":""},"categories":[109,47],"tags":[],"class_list":["post-38403","post","type-post","status-publish","format-standard","has-post-thumbnail","hentry","category-minuto-a-minuto","category-zona-gris"],"jetpack_featured_media_url":"https:\/\/zonaroja.com.mx\/wp-content\/uploads\/2022\/03\/Juan-Vargas-Phoenix.jpg","jetpack_sharing_enabled":true,"_links":{"self":[{"href":"https:\/\/zonaroja.com.mx\/index.php?rest_route=\/wp\/v2\/posts\/38403","targetHints":{"allow":["GET"]}}],"collection":[{"href":"https:\/\/zonaroja.com.mx\/index.php?rest_route=\/wp\/v2\/posts"}],"about":[{"href":"https:\/\/zonaroja.com.mx\/index.php?rest_route=\/wp\/v2\/types\/post"}],"author":[{"embeddable":true,"href":"https:\/\/zonaroja.com.mx\/index.php?rest_route=\/wp\/v2\/users\/2"}],"replies":[{"embeddable":true,"href":"https:\/\/zonaroja.com.mx\/index.php?rest_route=%2Fwp%2Fv2%2Fcomments&post=38403"}],"version-history":[{"count":2,"href":"https:\/\/zonaroja.com.mx\/index.php?rest_route=\/wp\/v2\/posts\/38403\/revisions"}],"predecessor-version":[{"id":38406,"href":"https:\/\/zonaroja.com.mx\/index.php?rest_route=\/wp\/v2\/posts\/38403\/revisions\/38406"}],"wp:featuredmedia":[{"embeddable":true,"href":"https:\/\/zonaroja.com.mx\/index.php?rest_route=\/wp\/v2\/media\/38404"}],"wp:attachment":[{"href":"https:\/\/zonaroja.com.mx\/index.php?rest_route=%2Fwp%2Fv2%2Fmedia&parent=38403"}],"wp:term":[{"taxonomy":"category","embeddable":true,"href":"https:\/\/zonaroja.com.mx\/index.php?rest_route=%2Fwp%2Fv2%2Fcategories&post=38403"},{"taxonomy":"post_tag","embeddable":true,"href":"https:\/\/zonaroja.com.mx\/index.php?rest_route=%2Fwp%2Fv2%2Ftags&post=38403"}],"curies":[{"name":"wp","href":"https:\/\/api.w.org\/{rel}","templated":true}]}}