{"id":38408,"date":"2022-03-05T10:48:25","date_gmt":"2022-03-05T16:48:25","guid":{"rendered":"https:\/\/www.zonaroja.com.mx\/?p=38408"},"modified":"2022-03-05T10:49:22","modified_gmt":"2022-03-05T16:49:22","slug":"registran-a-chente-castellanos-como-candidato-comun-de-pan-prd-pri-panal-para-xoxocotlan","status":"publish","type":"post","link":"https:\/\/zonaroja.com.mx\/?p=38408","title":{"rendered":"Registran a \u201cChente\u201d Castellanos como candidato com\u00fan de PAN- PRD-PRI-Panal para Xoxocotl\u00e1n"},"content":{"rendered":"\n<p>Redacci\u00f3n\/Diario \u201cEl Fort\u00edn\u201d<\/p>\n\n\n\n<p>Oaxaca de Ju\u00e1rez, Oax., 5 de marzo de 2022.- El doctor Inocente Castellanos Alejos est\u00e1 listo para competir de nueva cuenta en la elecci\u00f3n municipal de Santa Cruz Xoxocotl\u00e1n,\u00f1.<\/p>\n\n\n\n<p>Esta vez como candidato com\u00fan del Partido Acci\u00f3n Nacional (PAN), Partido de la Revoluci\u00f3n Democr\u00e1tica (PRD), Partido Nueva Alianza (Panal) y el Partido Revolucionario de (PRI). <\/p>\n\n\n\n<p>El ex candidato del partido Fuerza por M\u00e9xico explic\u00f3 que por \u00absituaciones internas desde la mesa directiva\u00bb de este partido pol\u00edtico, lo pusieron en riesgo de no participar en la elecci\u00f3n extraordinaria, \u00abporque no se pon\u00edan de acuerdo\u00bb.&nbsp;<\/p>\n\n\n\n<p>Motivo por el que otros institutos pol\u00edticos le ofrecieron el respaldo para ir en candidatura com\u00fan, sin embargo, \u201cChente\u201c Castellanos dijo que Fuerza por M\u00e9xico, a\u00fan lo respalda y apoya en su participaci\u00f3n para la contienda que concluir\u00e1 el pr\u00f3ximo 27 de marzo.&nbsp;<\/p>\n\n\n\n<p>Dijo que mantiene la confianza para obtener el triunfo en la pr\u00f3xima elecci\u00f3n y buscar el cambio que las y los xoxe\u00f1os anhelan.&nbsp;<\/p>\n\n\n\n<p>Asimismo, hizo un llamado a sus contrincantes a evitar la violencia y no cometer los mismos actos de la elecci\u00f3n pasada que causaron la anulaci\u00f3n del proceso electoral.&nbsp;<\/p>\n\n\n\n<p>\u00abSe debe luchar por el proyecto que tenemos sin afectar a las instituciones, hemos sido luchadores desde lo jur\u00eddico, no hemos sido de violencia ni de abusos, hemos caminado por el camino de la justicia.&nbsp;<\/p>\n\n\n\n<p>\u201cInvito a los participantes y ciudadan\u00eda que vayamos a una elecci\u00f3n tranquila y en paz\u00bb dijo \u201cChente\u201d Castellanos previo a su registro ante el Instituto Estatal Electoral y de Participaci\u00f3n Ciudadana de Oaxaca (IEEPCO), realizado la noche de este viernes.<\/p>\n","protected":false},"excerpt":{"rendered":"<p>Redacci\u00f3n\/Diario \u201cEl Fort\u00edn\u201d Oaxaca de Ju\u00e1rez, Oax., 5 de marzo de 2022.- El doctor Inocente&hellip;<\/p>\n","protected":false},"author":2,"featured_media":38407,"comment_status":"closed","ping_status":"open","sticky":false,"template":"","format":"standard","meta":{"_lmt_disableupdate":"","_lmt_disable":"","_jetpack_memberships_contains_paid_content":false,"footnotes":""},"categories":[109,46],"tags":[],"class_list":["post-38408","post","type-post","status-publish","format-standard","has-post-thumbnail","hentry","category-minuto-a-minuto","category-zona-blanca"],"jetpack_featured_media_url":"https:\/\/zonaroja.com.mx\/wp-content\/uploads\/2022\/03\/img_4342.jpg","jetpack_sharing_enabled":true,"_links":{"self":[{"href":"https:\/\/zonaroja.com.mx\/index.php?rest_route=\/wp\/v2\/posts\/38408","targetHints":{"allow":["GET"]}}],"collection":[{"href":"https:\/\/zonaroja.com.mx\/index.php?rest_route=\/wp\/v2\/posts"}],"about":[{"href":"https:\/\/zonaroja.com.mx\/index.php?rest_route=\/wp\/v2\/types\/post"}],"author":[{"embeddable":true,"href":"https:\/\/zonaroja.com.mx\/index.php?rest_route=\/wp\/v2\/users\/2"}],"replies":[{"embeddable":true,"href":"https:\/\/zonaroja.com.mx\/index.php?rest_route=%2Fwp%2Fv2%2Fcomments&post=38408"}],"version-history":[{"count":1,"href":"https:\/\/zonaroja.com.mx\/index.php?rest_route=\/wp\/v2\/posts\/38408\/revisions"}],"predecessor-version":[{"id":38409,"href":"https:\/\/zonaroja.com.mx\/index.php?rest_route=\/wp\/v2\/posts\/38408\/revisions\/38409"}],"wp:featuredmedia":[{"embeddable":true,"href":"https:\/\/zonaroja.com.mx\/index.php?rest_route=\/wp\/v2\/media\/38407"}],"wp:attachment":[{"href":"https:\/\/zonaroja.com.mx\/index.php?rest_route=%2Fwp%2Fv2%2Fmedia&parent=38408"}],"wp:term":[{"taxonomy":"category","embeddable":true,"href":"https:\/\/zonaroja.com.mx\/index.php?rest_route=%2Fwp%2Fv2%2Fcategories&post=38408"},{"taxonomy":"post_tag","embeddable":true,"href":"https:\/\/zonaroja.com.mx\/index.php?rest_route=%2Fwp%2Fv2%2Ftags&post=38408"}],"curies":[{"name":"wp","href":"https:\/\/api.w.org\/{rel}","templated":true}]}}