{"id":38413,"date":"2022-03-06T07:35:00","date_gmt":"2022-03-06T13:35:00","guid":{"rendered":"http:\/\/www.zonaroja.com.mx\/?p=38413"},"modified":"2022-03-05T19:37:25","modified_gmt":"2022-03-06T01:37:25","slug":"analizan-en-congreso-crear-fiscalia-para-investigacion-de-delito-de-tortura","status":"publish","type":"post","link":"https:\/\/zonaroja.com.mx\/?p=38413","title":{"rendered":"Analizan en Congreso crear Fiscal\u00eda para Investigaci\u00f3n de Delito de Tortura&nbsp;"},"content":{"rendered":"\n<p>Redacci\u00f3n\/Zona Roja.<\/p>\n\n\n\n<p>Oaxaca de Ju\u00e1rez, Oax. 5 de marzo de 2022.- El Congreso local analiza reformas a la Constituci\u00f3n Pol\u00edtica y a la Fiscal\u00eda General de Justicia del Estado de Oaxaca, para la creaci\u00f3n de la Fiscal\u00eda Especializada para la Investigaci\u00f3n del Delito de Tortura.<\/p>\n\n\n\n<p>La iniciativa propuesta por la legisladora Miriam de los \u00c1ngeles V\u00e1zquez Ruiz, est\u00e1 en revisi\u00f3n en las Comisiones Permanentes de Estudios Constitucionales y de Administraci\u00f3n y Procuraci\u00f3n de Justicia.<\/p>\n\n\n\n<p>Con esta reforma, se busca cumplir con lo establecido en el art\u00edculo 55 de la Ley General para Prevenir, Investigar y Sancionar la Tortura y otros Tratos o Penas Inhumanos o Degradantes, en el cual se obliga a cada entidad crear dicha Fiscal\u00eda, lo cual debi\u00f3 de ser desde el a\u00f1o 2017, pero a casi cinco a\u00f1os de la entrada en vigor de esta norma, a\u00fan no se ha fundado la instancia.<\/p>\n\n\n\n<p>Esta Fiscal\u00eda tendr\u00eda la facultad de investigar y perseguir el delito de tortura, para ello, se propone cuente con autonom\u00eda t\u00e9cnica y operativa; est\u00e9 integrada con personal de Ministerios P\u00fablicos, polic\u00edas, servicios periciales y t\u00e9cnicos especializados.<\/p>\n\n\n\n<p>En Oaxaca, el 40.2 por ciento de las personas en prisi\u00f3n, ha se\u00f1alado haber quedado incomunicado o aislado despu\u00e9s de su detenci\u00f3n, el 28.5% manifest\u00f3 haber sido amenazado con posibles da\u00f1os, el 28.3% amenazado con levantarle cargos falsos y el 24.4% haber sido desvestido, de acuerdo con la Encuesta Nacional de Poblaci\u00f3n Privada de la Libertad, 2021, del Instituto Nacional de Estad\u00edstica y Geograf\u00eda (INEGI).<\/p>\n\n\n\n<p>Adem\u00e1s, la organizaci\u00f3n Causa en Com\u00fan, document\u00f3 en el estado 23 casos de tortura de enero a septiembre de 2021.<\/p>\n\n\n\n<p>Estos hechos vulneran los derechos de las personas, que incluso cuando est\u00e9n en prisi\u00f3n, se les debe de proteger su integridad f\u00edsica, psicol\u00f3gica y moral; cuanto m\u00e1s se encuentren bajo la protecci\u00f3n del Estado, quien debe garantizar los derechos humanos.<\/p>\n","protected":false},"excerpt":{"rendered":"<p>Redacci\u00f3n\/Zona Roja. Oaxaca de Ju\u00e1rez, Oax. 5 de marzo de 2022.- El Congreso local analiza&hellip;<\/p>\n","protected":false},"author":2,"featured_media":34910,"comment_status":"closed","ping_status":"open","sticky":false,"template":"","format":"standard","meta":{"_lmt_disableupdate":"","_lmt_disable":"","_jetpack_memberships_contains_paid_content":false,"footnotes":""},"categories":[109,46],"tags":[2743],"class_list":["post-38413","post","type-post","status-publish","format-standard","has-post-thumbnail","hentry","category-minuto-a-minuto","category-zona-blanca","tag-65-legislatura-del-estado-de-oaxaca"],"jetpack_featured_media_url":"https:\/\/zonaroja.com.mx\/wp-content\/uploads\/2021\/12\/Congreso-del-Estado-de-Oax.jpg","jetpack_sharing_enabled":true,"_links":{"self":[{"href":"https:\/\/zonaroja.com.mx\/index.php?rest_route=\/wp\/v2\/posts\/38413","targetHints":{"allow":["GET"]}}],"collection":[{"href":"https:\/\/zonaroja.com.mx\/index.php?rest_route=\/wp\/v2\/posts"}],"about":[{"href":"https:\/\/zonaroja.com.mx\/index.php?rest_route=\/wp\/v2\/types\/post"}],"author":[{"embeddable":true,"href":"https:\/\/zonaroja.com.mx\/index.php?rest_route=\/wp\/v2\/users\/2"}],"replies":[{"embeddable":true,"href":"https:\/\/zonaroja.com.mx\/index.php?rest_route=%2Fwp%2Fv2%2Fcomments&post=38413"}],"version-history":[{"count":1,"href":"https:\/\/zonaroja.com.mx\/index.php?rest_route=\/wp\/v2\/posts\/38413\/revisions"}],"predecessor-version":[{"id":38414,"href":"https:\/\/zonaroja.com.mx\/index.php?rest_route=\/wp\/v2\/posts\/38413\/revisions\/38414"}],"wp:featuredmedia":[{"embeddable":true,"href":"https:\/\/zonaroja.com.mx\/index.php?rest_route=\/wp\/v2\/media\/34910"}],"wp:attachment":[{"href":"https:\/\/zonaroja.com.mx\/index.php?rest_route=%2Fwp%2Fv2%2Fmedia&parent=38413"}],"wp:term":[{"taxonomy":"category","embeddable":true,"href":"https:\/\/zonaroja.com.mx\/index.php?rest_route=%2Fwp%2Fv2%2Fcategories&post=38413"},{"taxonomy":"post_tag","embeddable":true,"href":"https:\/\/zonaroja.com.mx\/index.php?rest_route=%2Fwp%2Fv2%2Ftags&post=38413"}],"curies":[{"name":"wp","href":"https:\/\/api.w.org\/{rel}","templated":true}]}}