{"id":38415,"date":"2022-03-05T19:58:06","date_gmt":"2022-03-06T01:58:06","guid":{"rendered":"http:\/\/www.zonaroja.com.mx\/?p=38415"},"modified":"2022-03-05T20:38:37","modified_gmt":"2022-03-06T02:38:37","slug":"omite-ka-cndh-recomendacion-a-gobierno-de-mexico-por-desplazados-de-copala","status":"publish","type":"post","link":"https:\/\/zonaroja.com.mx\/?p=38415","title":{"rendered":"Omite la CNDH recomendaci\u00f3n a Gobierno de M\u00e9xico por desplazados de Copala"},"content":{"rendered":"\n<p>Yuridiana Sosa\/Zona Roja.<\/p>\n\n\n\n<p>Oaxaca de Ju\u00e1rez, Oax., 5 de marzo de 2022.- Desplazados de Tierra Blanca Copala, Santiago Juxtlahuaca, condenaron que la Comisi\u00f3n Nacional de Derechos Humanos (CNDH) se haya limitado a emitir recomendaciones por su desplazamiento forzado al gobierno de Oaxaca, omitiendo la acci\u00f3n para el gobierno federal.<\/p>\n\n\n\n<p>El pasado jueves, la CNDH emiti\u00f3 la recomendaci\u00f3n 36\/2022 dirigida al gobernador Alejandro Murat, la cual celebraron las v\u00edctimas, pero consideraron insuficiente para la atenci\u00f3n integral de las familias afectadas por el hecho ocurrido en enero de 2021.<\/p>\n\n\n\n<p>Adem\u00e1s, apuntaron, &nbsp;que este proceso es producto de la presi\u00f3n social, la cual continuar\u00e1n con protestas en la Ciudad de M\u00e9xico para exigir que la recomendaci\u00f3n sea extensiva a las autoridades federales, alertaron los afectados y el Movimiento de Unificaci\u00f3n y Lucha Triqui Independiente (MULTI).<\/p>\n\n\n\n<p>Los habitantes triquis de Tierra Blanca Copala, expresaron su preocupaci\u00f3n ante la falta en esta recomendaci\u00f3n para la Secretar\u00eda de Gobernaci\u00f3n (Segob) y Comisi\u00f3n Ejecutiva de Atenci\u00f3n a V\u00edctimas (CEAV), pues con esto consideran que se incumplen con los convenios y tratados internacionales en materia de derechos humanos.<\/p>\n\n\n\n<p>Hasta ahora, puntualizaron, la CEAV ha mostrado negligencia al no reconocerlos como v\u00edctimas, ni mucho menos los ha inscrito en el Registro Nacional de V\u00edctimas (Renavi), adem\u00e1s de las atenciones dilatorias por la Segob, a pesar de las promesas de Alejandro Encinas en mesas de di\u00e1logo.<\/p>\n\n\n\n<p>\u201cAnte este escenario, en donde el Estado Mexicano ha&nbsp;condenado a las v\u00edctimas al olvido y sin asumir sus responsabilidades, la recomendaci\u00f3n emitida por la CNDH parece no ayudar en mucho, pues ya sabemos que el gobierno estatal no la va a cumplir, aunque la vaya a aceptar\u201d, se\u00f1alaron los desplazados.<\/p>\n\n\n\n<p>Los ind\u00edgenas triquis agregaron en su comunicado que continuar\u00e1n en la exigencia para que el Gobierno de Oaxaca logre un retorno seguro para ellos.<\/p>\n","protected":false},"excerpt":{"rendered":"<p>Yuridiana Sosa\/Zona Roja. Oaxaca de Ju\u00e1rez, Oax., 5 de marzo de 2022.- Desplazados de Tierra&hellip;<\/p>\n","protected":false},"author":2,"featured_media":23758,"comment_status":"closed","ping_status":"open","sticky":false,"template":"","format":"standard","meta":{"_lmt_disableupdate":"","_lmt_disable":"","_jetpack_memberships_contains_paid_content":false,"footnotes":""},"categories":[109,47],"tags":[1712],"class_list":["post-38415","post","type-post","status-publish","format-standard","has-post-thumbnail","hentry","category-minuto-a-minuto","category-zona-gris","tag-tierra-blanca-copala"],"jetpack_featured_media_url":"https:\/\/zonaroja.com.mx\/wp-content\/uploads\/2021\/02\/Tierra-Blanca-Copala.jpg","jetpack_sharing_enabled":true,"_links":{"self":[{"href":"https:\/\/zonaroja.com.mx\/index.php?rest_route=\/wp\/v2\/posts\/38415","targetHints":{"allow":["GET"]}}],"collection":[{"href":"https:\/\/zonaroja.com.mx\/index.php?rest_route=\/wp\/v2\/posts"}],"about":[{"href":"https:\/\/zonaroja.com.mx\/index.php?rest_route=\/wp\/v2\/types\/post"}],"author":[{"embeddable":true,"href":"https:\/\/zonaroja.com.mx\/index.php?rest_route=\/wp\/v2\/users\/2"}],"replies":[{"embeddable":true,"href":"https:\/\/zonaroja.com.mx\/index.php?rest_route=%2Fwp%2Fv2%2Fcomments&post=38415"}],"version-history":[{"count":2,"href":"https:\/\/zonaroja.com.mx\/index.php?rest_route=\/wp\/v2\/posts\/38415\/revisions"}],"predecessor-version":[{"id":38420,"href":"https:\/\/zonaroja.com.mx\/index.php?rest_route=\/wp\/v2\/posts\/38415\/revisions\/38420"}],"wp:featuredmedia":[{"embeddable":true,"href":"https:\/\/zonaroja.com.mx\/index.php?rest_route=\/wp\/v2\/media\/23758"}],"wp:attachment":[{"href":"https:\/\/zonaroja.com.mx\/index.php?rest_route=%2Fwp%2Fv2%2Fmedia&parent=38415"}],"wp:term":[{"taxonomy":"category","embeddable":true,"href":"https:\/\/zonaroja.com.mx\/index.php?rest_route=%2Fwp%2Fv2%2Fcategories&post=38415"},{"taxonomy":"post_tag","embeddable":true,"href":"https:\/\/zonaroja.com.mx\/index.php?rest_route=%2Fwp%2Fv2%2Ftags&post=38415"}],"curies":[{"name":"wp","href":"https:\/\/api.w.org\/{rel}","templated":true}]}}